{"id":9845,"date":"2023-08-02T09:40:16","date_gmt":"2023-08-02T07:40:16","guid":{"rendered":"https:\/\/www.groupe-sterne.com\/?p=9845"},"modified":"2023-08-24T11:52:28","modified_gmt":"2023-08-24T09:52:28","slug":"comment-groupe-sterne-se-mobilise-pour-linsertion-professionnelle","status":"publish","type":"post","link":"https:\/\/www.groupe-sterne.com\/fr\/comment-groupe-sterne-se-mobilise-pour-linsertion-professionnelle\/","title":{"rendered":"Comment le Groupe STERNE se mobilise pour l\u2019insertion sociale et professionnelle ?"},"content":{"rendered":"\t\t<div data-elementor-type=\"wp-post\" data-elementor-id=\"9845\" class=\"elementor elementor-9845\" data-elementor-post-type=\"post\">\n\t\t\t\t\t\t<section class=\"elementor-section elementor-top-section elementor-element elementor-element-06e41da elementor-section-boxed elementor-section-height-default elementor-section-height-default\" data-id=\"06e41da\" data-element_type=\"section\" data-e-type=\"section\">\n\t\t\t\t\t\t<div class=\"elementor-container elementor-column-gap-default\">\n\t\t\t\t\t<div class=\"elementor-column elementor-col-100 elementor-top-column elementor-element elementor-element-3cdeef1\" data-id=\"3cdeef1\" data-element_type=\"column\" data-e-type=\"column\">\n\t\t\t<div class=\"elementor-widget-wrap elementor-element-populated\">\n\t\t\t\t\t\t<div class=\"elementor-element elementor-element-99ce1d1 elementor-widget elementor-widget-heading\" data-id=\"99ce1d1\" data-element_type=\"widget\" data-e-type=\"widget\" data-widget_type=\"heading.default\">\n\t\t\t\t<div class=\"elementor-widget-container\">\n\t\t\t\t\t<h2 class=\"elementor-heading-title elementor-size-default\">Parcours insertion : favoriser l'acc\u00e8s \u00e0 l'emploi pour tous ! <\/h2>\t\t\t\t<\/div>\n\t\t\t\t<\/div>\n\t\t\t\t<div class=\"elementor-element elementor-element-12a7da7 elementor-widget elementor-widget-text-editor\" data-id=\"12a7da7\" data-element_type=\"widget\" data-e-type=\"widget\" data-widget_type=\"text-editor.default\">\n\t\t\t\t<div class=\"elementor-widget-container\">\n\t\t\t\t\t\t\t\t\t<p>\u00c0 travers son <strong>parcours insertion<\/strong>, Groupe STERNE accompagne et aide des profils divers \u00e0 int\u00e9grer le monde du travail.<\/p><p>Ce programme\u00a0d\u2019une dur\u00e9e de 24 mois,\u00a0concerne majoritairement des <strong>jeunes sans emploi<\/strong> et des <strong>cadres<\/strong> qui peinent \u00e0 trouver un emploi dans leur fili\u00e8re.<\/p><p>Un(e) accompagnateur (rice) socio-professionnel(le) suit au quotidien le projet professionnel et la mise \u00e0 niveau des conditions de vie de chaque b\u00e9n\u00e9ficiaire.<\/p><h3 class=\"LC20lb MBeuO DKV0Md\"><span style=\"font-size: 12pt;\">\u27a1\ufe0f <\/span><span style=\"font-size: 14pt;\"><strong>Quelles actions<\/strong><b> STERNE d\u00e9ploie pour favoriser l&rsquo;acc\u00e8s \u00e0 l&#8217;emploi ?<\/b><\/span><\/h3>\t\t\t\t\t\t\t\t<\/div>\n\t\t\t\t<\/div>\n\t\t\t\t\t<\/div>\n\t\t<\/div>\n\t\t\t\t\t<\/div>\n\t\t<\/section>\n\t\t\t\t<section class=\"elementor-section elementor-top-section elementor-element elementor-element-3a6acca elementor-section-boxed elementor-section-height-default elementor-section-height-default\" data-id=\"3a6acca\" data-element_type=\"section\" data-e-type=\"section\">\n\t\t\t\t\t\t<div class=\"elementor-container elementor-column-gap-default\">\n\t\t\t\t\t<div class=\"elementor-column elementor-col-100 elementor-top-column elementor-element elementor-element-a4df276\" data-id=\"a4df276\" data-element_type=\"column\" data-e-type=\"column\" data-settings=\"{&quot;background_background&quot;:&quot;classic&quot;}\">\n\t\t\t<div class=\"elementor-widget-wrap elementor-element-populated\">\n\t\t\t\t\t\t<div class=\"elementor-element elementor-element-dd47d2b elementor--h-position-center elementor--v-position-middle elementor-arrows-position-inside elementor-pagination-position-inside elementor-widget elementor-widget-slides\" data-id=\"dd47d2b\" data-element_type=\"widget\" data-e-type=\"widget\" data-settings=\"{&quot;navigation&quot;:&quot;both&quot;,&quot;autoplay&quot;:&quot;yes&quot;,&quot;pause_on_hover&quot;:&quot;yes&quot;,&quot;pause_on_interaction&quot;:&quot;yes&quot;,&quot;autoplay_speed&quot;:5000,&quot;infinite&quot;:&quot;yes&quot;,&quot;transition&quot;:&quot;slide&quot;,&quot;transition_speed&quot;:500}\" data-widget_type=\"slides.default\">\n\t\t\t\t<div class=\"elementor-widget-container\">\n\t\t\t\t\t\t\t\t\t<div class=\"elementor-swiper\">\n\t\t\t\t\t<div class=\"elementor-slides-wrapper elementor-main-swiper swiper\" role=\"region\" aria-roledescription=\"carousel\" aria-label=\"Diapositives\" dir=\"ltr\" data-animation=\"fadeInUp\">\n\t\t\t\t<div class=\"swiper-wrapper elementor-slides\">\n\t\t\t\t\t\t\t\t\t\t<div class=\"elementor-repeater-item-dcfede2 swiper-slide\" role=\"group\" aria-roledescription=\"slide\"><div class=\"swiper-slide-bg\" role=\"img\" aria-label=\"Capture d\u2019\u00e9cran 2023-08-02 102645\"><\/div><div class=\"elementor-background-overlay\"><\/div><div class=\"swiper-slide-inner\" ><div class=\"swiper-slide-contents\"><div class=\"elementor-slide-heading\">1. Appliquer des mesures cl\u00e9s<\/div><div class=\"elementor-slide-description\">- Immersion et mise en situation au sein d\u2019entreprises partenaires                         \n\n- Formation continue et \u00e9valuations r\u00e9guli\u00e8res pour acc\u00e9der \u00e0 des postes plus techniques\n\n- Mise en place de partenariats ext\u00e9rieurs\n\n- D\u00e9ploiement de solutions de livraison adapt\u00e9es aux comp\u00e9tences et d\u00e9fis environnementaux (v\u00e9los cargos)\n<\/div><\/div><\/div><\/div><div class=\"elementor-repeater-item-2d8e98d swiper-slide\" role=\"group\" aria-roledescription=\"slide\"><div class=\"swiper-slide-bg\"><\/div><div class=\"swiper-slide-inner\" ><div class=\"swiper-slide-contents\"><div class=\"elementor-slide-heading\">2. Former aux m\u00e9tiers du transport<\/div><div class=\"elementor-slide-description\">En moyenne, 41 ETP\/mois (\u00e9quivalent temps plein) sont en parcours d\u2019insertion et ont l\u2019opportunit\u00e9s de suivre une formation d\u00e9di\u00e9e aux m\u00e9tiers du transport. Ils sont encadr\u00e9s en continu par des r\u00e9f\u00e9rents, chauffeurs permanents qualifi\u00e9s et une \u00e9quipe d\u2019exploitation<\/div><\/div><\/div><\/div><div class=\"elementor-repeater-item-09f9b9b swiper-slide\" role=\"group\" aria-roledescription=\"slide\"><div class=\"swiper-slide-bg\" role=\"img\" aria-label=\"Capture d\u2019\u00e9cran 2023-08-02 104549\"><\/div><div class=\"elementor-background-overlay\"><\/div><div class=\"swiper-slide-inner\" ><div class=\"swiper-slide-contents\"><div class=\"elementor-slide-heading\">3. Construire des partenariats solides<\/div><div class=\"elementor-slide-description\">P\u00f4le emploi -\nConseils d\u00e9partementaux - \nMissions locales -\nDIRECCTE\n<\/div><\/div><\/div><\/div><div class=\"elementor-repeater-item-ac0900b swiper-slide\" role=\"group\" aria-roledescription=\"slide\"><div class=\"swiper-slide-bg\"><\/div><div class=\"swiper-slide-inner\" ><div class=\"swiper-slide-contents\"><div class=\"elementor-slide-heading\">4. Se fixer des objectifs pr\u00e9cis<\/div><div class=\"elementor-slide-description\">17 RSA en \u00e9quivalent temps plein par an et 60% min. de sorties dynamiques (emplois durables, emplois de transition, sorties positives...)  <\/div><\/div><\/div><\/div><div class=\"elementor-repeater-item-cdcb14c swiper-slide\" role=\"group\" aria-roledescription=\"slide\"><div class=\"swiper-slide-bg\" role=\"img\" aria-label=\"\"><\/div><div class=\"elementor-background-overlay\"><\/div><div class=\"swiper-slide-inner\" ><div class=\"swiper-slide-contents\"><div class=\"elementor-slide-heading\">Des r\u00e9sultats positifs ! <\/div><div class=\"elementor-slide-description\">75% de sorties dynamiques en 2022. (exemple : 84,71% Sterne CITY 67 | 64,29% Sterne CITY 68)\n<\/div><\/div><\/div><\/div>\t\t\t\t<\/div>\n\t\t\t\t\t\t\t\t\t\t\t\t\t\t\t<div class=\"elementor-swiper-button elementor-swiper-button-prev\" role=\"button\" tabindex=\"0\" aria-label=\"Diapositive pr\u00e9c\u00e9dente\">\n\t\t\t\t\t\t\t<i aria-hidden=\"true\" class=\"eicon-chevron-left\"><\/i>\t\t\t\t\t\t<\/div>\n\t\t\t\t\t\t<div class=\"elementor-swiper-button elementor-swiper-button-next\" role=\"button\" tabindex=\"0\" aria-label=\"Diapositive suivante\">\n\t\t\t\t\t\t\t<i aria-hidden=\"true\" class=\"eicon-chevron-right\"><\/i>\t\t\t\t\t\t<\/div>\n\t\t\t\t\t\t\t\t\t\t\t\t\t\t\t\t<div class=\"swiper-pagination\"><\/div>\n\t\t\t\t\t\t\t\t\t\t\t\t<\/div>\n\t\t\t\t<\/div>\n\t\t\t\t\t\t\t\t<\/div>\n\t\t\t\t<\/div>\n\t\t\t\t\t<\/div>\n\t\t<\/div>\n\t\t\t\t\t<\/div>\n\t\t<\/section>\n\t\t\t\t<section class=\"elementor-section elementor-top-section elementor-element elementor-element-3044e63 elementor-section-boxed elementor-section-height-default elementor-section-height-default\" data-id=\"3044e63\" data-element_type=\"section\" data-e-type=\"section\">\n\t\t\t\t\t\t<div class=\"elementor-container elementor-column-gap-default\">\n\t\t\t\t\t<div class=\"elementor-column elementor-col-100 elementor-top-column elementor-element elementor-element-beac87d\" data-id=\"beac87d\" data-element_type=\"column\" data-e-type=\"column\">\n\t\t\t<div class=\"elementor-widget-wrap elementor-element-populated\">\n\t\t\t\t\t\t<div class=\"elementor-element elementor-element-c8c5c41 elementor-widget elementor-widget-text-editor\" data-id=\"c8c5c41\" data-element_type=\"widget\" data-e-type=\"widget\" data-widget_type=\"text-editor.default\">\n\t\t\t\t<div class=\"elementor-widget-container\">\n\t\t\t\t\t\t\t\t\t<p>\u00a0 <span style=\"font-size: 10pt;\">\u00a0<br \/>\u00a0 \u00a0 Agences concern\u00e9es :\u00a0<\/span><span style=\"font-size: 10pt;\"><b>STERNE City Mulhouse et Strasbourg <\/b>qui sont agr\u00e9es \u00ab\u00a0Entreprise d&rsquo;insertion\u00a0\u00bb\u00a0\u00a0<\/span><br \/><span style=\"font-size: 10pt;\"><span style=\"background-color: transparent; color: var( --e-global-color-text ); font-family: var( --e-global-typography-text-font-family ), Sans-serif;\">\u00a0 \u00a0 Personne r\u00e9f\u00e9rente :\u00a0<\/span><span style=\"background-color: transparent; color: var( --e-global-color-text ); font-family: var( --e-global-typography-text-font-family ), Sans-serif;\"><b>Elodie PFISTER<\/b><span style=\"font-weight: var( --e-global-typography-text-font-weight );\"> ( RH\/ Accompagnatrice socio-professionnelle)\u00a0 <\/span><\/span><img decoding=\"async\" class=\"emoji\" role=\"img\" draggable=\"false\" src=\"https:\/\/s.w.org\/images\/core\/emoji\/14.0.0\/svg\/1f4e7.svg\" alt=\"\ud83d\udce7\" \/><span style=\"background-color: transparent; color: var( --e-global-color-text ); font-family: var( --e-global-typography-text-font-family ), Sans-serif;\"><span style=\"font-weight: var( --e-global-typography-text-font-weight );\">\u00a0<\/span><\/span><a href=\"mailto:ep******@**********up.com\" data-original-string=\"3WfjGweLJfmv8mXjkhIrkA==a12DDswhQfZCoSU4jMdiPOBo080bXHwodOVAIHen30fNVY=\" title=\"This contact has been encoded by Anti-Spam by CleanTalk. Click to decode. To finish the decoding make sure that JavaScript is enabled in your browser.\" target=\"_blank\" rel=\"noopener\"><span style=\"background-color: transparent;\"><span \n                data-original-string='L4yHedtT45paEfhuxC3Xqg==a12+zM3o79vg54zsZDzdBqVkQAgHBn6loVW4y4ViHmDtkI='\n                class='apbct-email-encoder'\n                title='This contact has been encoded by Anti-Spam by CleanTalk. Click to decode. To finish the decoding make sure that JavaScript is enabled in your browser.'>ep<span class=\"apbct-blur\">******<\/span>@<span class=\"apbct-blur\">**********<\/span>up.com<\/span><\/span><\/a><\/span><\/p><p>\u00a0<\/p>\t\t\t\t\t\t\t\t<\/div>\n\t\t\t\t<\/div>\n\t\t\t\t\t<\/div>\n\t\t<\/div>\n\t\t\t\t\t<\/div>\n\t\t<\/section>\n\t\t\t\t<\/div>\n\t\t","protected":false},"excerpt":{"rendered":"<p>\u00c0 travers son parcours insertion, le Groupe STERNE aide et accompagne des profils divers \u00e0 r\u00e9(int\u00e9grer) le monde du travail. Focus sur les actions mises en place.  <\/p>\n","protected":false},"author":4,"featured_media":9995,"comment_status":"closed","ping_status":"closed","sticky":false,"template":"","format":"standard","meta":{"_acf_changed":false,"footnotes":""},"categories":[18],"tags":[149,466,467,150,343,465,372,110,341,119],"class_list":["post-9845","post","type-post","status-publish","format-standard","has-post-thumbnail","hentry","category-blog","tag-diversite","tag-embauche","tag-emploi","tag-employeur","tag-inclusion","tag-insertion-professionnelle","tag-rse","tag-salarie","tag-social","tag-sterne"],"acf":[],"yoast_head":"<!-- This site is optimized with the Yoast SEO Premium plugin v25.3 (Yoast SEO v27.5) - https:\/\/yoast.com\/product\/yoast-seo-premium-wordpress\/ -->\n<title>Comment le Groupe STERNE se mobilise pour l\u2019insertion sociale et professionnelle ? &#8226; Groupe STERNE<\/title>\n<meta name=\"description\" content=\"Le Groupe STERNE a s\u00e9lectionn\u00e9 20 blogs de sp\u00e9cialistes qui, chacun dans leur domaine d\u2019expertise, apportent un regard chevronn\u00e9 et des analyses pointues sur les activit\u00e9s et l\u2019\u00e9volution des secteurs Transport &amp; Logistique.\" \/>\n<meta name=\"robots\" content=\"index, follow, max-snippet:-1, max-image-preview:large, max-video-preview:-1\" \/>\n<link rel=\"canonical\" href=\"https:\/\/www.groupe-sterne.com\/fr\/comment-groupe-sterne-se-mobilise-pour-linsertion-professionnelle\/\" \/>\n<meta property=\"og:locale\" content=\"fr_FR\" \/>\n<meta property=\"og:type\" content=\"article\" \/>\n<meta property=\"og:title\" content=\"Comment le Groupe STERNE se mobilise pour l\u2019insertion sociale et professionnelle ?\" \/>\n<meta property=\"og:description\" content=\"Le Groupe STERNE a s\u00e9lectionn\u00e9 20 blogs de sp\u00e9cialistes qui, chacun dans leur domaine d\u2019expertise, apportent un regard chevronn\u00e9 et des analyses pointues sur les activit\u00e9s et l\u2019\u00e9volution des secteurs Transport &amp; Logistique.\" \/>\n<meta property=\"og:url\" content=\"https:\/\/www.groupe-sterne.com\/fr\/comment-groupe-sterne-se-mobilise-pour-linsertion-professionnelle\/\" \/>\n<meta property=\"og:site_name\" content=\"Groupe STERNE\" \/>\n<meta property=\"article:published_time\" content=\"2023-08-02T07:40:16+00:00\" \/>\n<meta property=\"article:modified_time\" content=\"2023-08-24T09:52:28+00:00\" \/>\n<meta property=\"og:image\" content=\"https:\/\/www.groupe-sterne.com\/wp-content\/uploads\/2023\/08\/thumbnail_IMG-1571.jpg\" \/>\n\t<meta property=\"og:image:width\" content=\"1920\" \/>\n\t<meta property=\"og:image:height\" content=\"1920\" \/>\n\t<meta property=\"og:image:type\" content=\"image\/jpeg\" \/>\n<meta name=\"author\" content=\"Virginie Longobardi\" \/>\n<meta name=\"twitter:card\" content=\"summary_large_image\" \/>\n<meta name=\"twitter:label1\" content=\"\u00c9crit par\" \/>\n\t<meta name=\"twitter:data1\" content=\"Virginie Longobardi\" \/>\n\t<meta name=\"twitter:label2\" content=\"Dur\u00e9e de lecture estim\u00e9e\" \/>\n\t<meta name=\"twitter:data2\" content=\"2 minutes\" \/>\n<script type=\"application\/ld+json\" class=\"yoast-schema-graph\">{\"@context\":\"https:\\\/\\\/schema.org\",\"@graph\":[{\"@type\":\"Article\",\"@id\":\"https:\\\/\\\/www.groupe-sterne.com\\\/fr\\\/comment-groupe-sterne-se-mobilise-pour-linsertion-professionnelle\\\/#article\",\"isPartOf\":{\"@id\":\"https:\\\/\\\/www.groupe-sterne.com\\\/fr\\\/comment-groupe-sterne-se-mobilise-pour-linsertion-professionnelle\\\/\"},\"author\":{\"name\":\"Virginie Longobardi\",\"@id\":\"https:\\\/\\\/groupe-sterne.com\\\/fr\\\/#\\\/schema\\\/person\\\/491edd3c391344e5e86d0c242ff7c198\"},\"headline\":\"Comment le Groupe STERNE se mobilise pour l\u2019insertion sociale et professionnelle ?\",\"datePublished\":\"2023-08-02T07:40:16+00:00\",\"dateModified\":\"2023-08-24T09:52:28+00:00\",\"mainEntityOfPage\":{\"@id\":\"https:\\\/\\\/www.groupe-sterne.com\\\/fr\\\/comment-groupe-sterne-se-mobilise-pour-linsertion-professionnelle\\\/\"},\"wordCount\":298,\"publisher\":{\"@id\":\"https:\\\/\\\/groupe-sterne.com\\\/fr\\\/#organization\"},\"image\":{\"@id\":\"https:\\\/\\\/www.groupe-sterne.com\\\/fr\\\/comment-groupe-sterne-se-mobilise-pour-linsertion-professionnelle\\\/#primaryimage\"},\"thumbnailUrl\":\"https:\\\/\\\/www.groupe-sterne.com\\\/wp-content\\\/uploads\\\/2023\\\/08\\\/thumbnail_IMG-1571.jpg\",\"keywords\":[\"DIVERSITE\",\"embauche\",\"emploi\",\"EMPLOYEUR\",\"inclusion\",\"insertion professionnelle\",\"rse\",\"salari\u00e9\",\"social\",\"sterne\"],\"articleSection\":[\"blog\"],\"inLanguage\":\"fr-FR\"},{\"@type\":\"WebPage\",\"@id\":\"https:\\\/\\\/www.groupe-sterne.com\\\/fr\\\/comment-groupe-sterne-se-mobilise-pour-linsertion-professionnelle\\\/\",\"url\":\"https:\\\/\\\/www.groupe-sterne.com\\\/fr\\\/comment-groupe-sterne-se-mobilise-pour-linsertion-professionnelle\\\/\",\"name\":\"Comment le Groupe STERNE se mobilise pour l\u2019insertion sociale et professionnelle ? &#8226; Groupe STERNE\",\"isPartOf\":{\"@id\":\"https:\\\/\\\/groupe-sterne.com\\\/fr\\\/#website\"},\"primaryImageOfPage\":{\"@id\":\"https:\\\/\\\/www.groupe-sterne.com\\\/fr\\\/comment-groupe-sterne-se-mobilise-pour-linsertion-professionnelle\\\/#primaryimage\"},\"image\":{\"@id\":\"https:\\\/\\\/www.groupe-sterne.com\\\/fr\\\/comment-groupe-sterne-se-mobilise-pour-linsertion-professionnelle\\\/#primaryimage\"},\"thumbnailUrl\":\"https:\\\/\\\/www.groupe-sterne.com\\\/wp-content\\\/uploads\\\/2023\\\/08\\\/thumbnail_IMG-1571.jpg\",\"datePublished\":\"2023-08-02T07:40:16+00:00\",\"dateModified\":\"2023-08-24T09:52:28+00:00\",\"description\":\"Le Groupe STERNE a s\u00e9lectionn\u00e9 20 blogs de sp\u00e9cialistes qui, chacun dans leur domaine d\u2019expertise, apportent un regard chevronn\u00e9 et des analyses pointues sur les activit\u00e9s et l\u2019\u00e9volution des secteurs Transport & Logistique.\",\"breadcrumb\":{\"@id\":\"https:\\\/\\\/www.groupe-sterne.com\\\/fr\\\/comment-groupe-sterne-se-mobilise-pour-linsertion-professionnelle\\\/#breadcrumb\"},\"inLanguage\":\"fr-FR\",\"potentialAction\":[{\"@type\":\"ReadAction\",\"target\":[\"https:\\\/\\\/www.groupe-sterne.com\\\/fr\\\/comment-groupe-sterne-se-mobilise-pour-linsertion-professionnelle\\\/\"]}]},{\"@type\":\"ImageObject\",\"inLanguage\":\"fr-FR\",\"@id\":\"https:\\\/\\\/www.groupe-sterne.com\\\/fr\\\/comment-groupe-sterne-se-mobilise-pour-linsertion-professionnelle\\\/#primaryimage\",\"url\":\"https:\\\/\\\/www.groupe-sterne.com\\\/wp-content\\\/uploads\\\/2023\\\/08\\\/thumbnail_IMG-1571.jpg\",\"contentUrl\":\"https:\\\/\\\/www.groupe-sterne.com\\\/wp-content\\\/uploads\\\/2023\\\/08\\\/thumbnail_IMG-1571.jpg\",\"width\":1920,\"height\":1920},{\"@type\":\"BreadcrumbList\",\"@id\":\"https:\\\/\\\/www.groupe-sterne.com\\\/fr\\\/comment-groupe-sterne-se-mobilise-pour-linsertion-professionnelle\\\/#breadcrumb\",\"itemListElement\":[{\"@type\":\"ListItem\",\"position\":1,\"name\":\"Accueil\",\"item\":\"https:\\\/\\\/www.groupe-sterne.com\\\/fr\\\/\"},{\"@type\":\"ListItem\",\"position\":2,\"name\":\"Comment le Groupe STERNE se mobilise pour l\u2019insertion sociale et professionnelle ?\"}]},{\"@type\":\"WebSite\",\"@id\":\"https:\\\/\\\/groupe-sterne.com\\\/fr\\\/#website\",\"url\":\"https:\\\/\\\/groupe-sterne.com\\\/fr\\\/\",\"name\":\"Groupe STERNE\",\"description\":\"Votre sp\u00e9cialiste Premium Freight\",\"publisher\":{\"@id\":\"https:\\\/\\\/groupe-sterne.com\\\/fr\\\/#organization\"},\"potentialAction\":[{\"@type\":\"SearchAction\",\"target\":{\"@type\":\"EntryPoint\",\"urlTemplate\":\"https:\\\/\\\/groupe-sterne.com\\\/fr\\\/?s={search_term_string}\"},\"query-input\":{\"@type\":\"PropertyValueSpecification\",\"valueRequired\":true,\"valueName\":\"search_term_string\"}}],\"inLanguage\":\"fr-FR\"},{\"@type\":\"Organization\",\"@id\":\"https:\\\/\\\/groupe-sterne.com\\\/fr\\\/#organization\",\"name\":\"Groupe STERNE\",\"url\":\"https:\\\/\\\/groupe-sterne.com\\\/fr\\\/\",\"logo\":{\"@type\":\"ImageObject\",\"inLanguage\":\"fr-FR\",\"@id\":\"https:\\\/\\\/groupe-sterne.com\\\/fr\\\/#\\\/schema\\\/logo\\\/image\\\/\",\"url\":\"https:\\\/\\\/groupe-sterne.com\\\/wp-content\\\/uploads\\\/2022\\\/02\\\/logo_sterne.png\",\"contentUrl\":\"https:\\\/\\\/groupe-sterne.com\\\/wp-content\\\/uploads\\\/2022\\\/02\\\/logo_sterne.png\",\"width\":442,\"height\":116,\"caption\":\"Groupe STERNE\"},\"image\":{\"@id\":\"https:\\\/\\\/groupe-sterne.com\\\/fr\\\/#\\\/schema\\\/logo\\\/image\\\/\"}},{\"@type\":\"Person\",\"@id\":\"https:\\\/\\\/groupe-sterne.com\\\/fr\\\/#\\\/schema\\\/person\\\/491edd3c391344e5e86d0c242ff7c198\",\"name\":\"Virginie Longobardi\",\"url\":\"https:\\\/\\\/www.groupe-sterne.com\\\/fr\\\/author\\\/vlongobardigroupe-sterne-com\\\/\"}]}<\/script>\n<!-- \/ Yoast SEO Premium plugin. -->","yoast_head_json":{"title":"Comment le Groupe STERNE se mobilise pour l\u2019insertion sociale et professionnelle ? &#8226; Groupe STERNE","description":"Le Groupe STERNE a s\u00e9lectionn\u00e9 20 blogs de sp\u00e9cialistes qui, chacun dans leur domaine d\u2019expertise, apportent un regard chevronn\u00e9 et des analyses pointues sur les activit\u00e9s et l\u2019\u00e9volution des secteurs Transport & Logistique.","robots":{"index":"index","follow":"follow","max-snippet":"max-snippet:-1","max-image-preview":"max-image-preview:large","max-video-preview":"max-video-preview:-1"},"canonical":"https:\/\/www.groupe-sterne.com\/fr\/comment-groupe-sterne-se-mobilise-pour-linsertion-professionnelle\/","og_locale":"fr_FR","og_type":"article","og_title":"Comment le Groupe STERNE se mobilise pour l\u2019insertion sociale et professionnelle ?","og_description":"Le Groupe STERNE a s\u00e9lectionn\u00e9 20 blogs de sp\u00e9cialistes qui, chacun dans leur domaine d\u2019expertise, apportent un regard chevronn\u00e9 et des analyses pointues sur les activit\u00e9s et l\u2019\u00e9volution des secteurs Transport & Logistique.","og_url":"https:\/\/www.groupe-sterne.com\/fr\/comment-groupe-sterne-se-mobilise-pour-linsertion-professionnelle\/","og_site_name":"Groupe STERNE","article_published_time":"2023-08-02T07:40:16+00:00","article_modified_time":"2023-08-24T09:52:28+00:00","og_image":[{"width":1920,"height":1920,"url":"https:\/\/www.groupe-sterne.com\/wp-content\/uploads\/2023\/08\/thumbnail_IMG-1571.jpg","type":"image\/jpeg"}],"author":"Virginie Longobardi","twitter_card":"summary_large_image","twitter_misc":{"\u00c9crit par":"Virginie Longobardi","Dur\u00e9e de lecture estim\u00e9e":"2 minutes"},"schema":{"@context":"https:\/\/schema.org","@graph":[{"@type":"Article","@id":"https:\/\/www.groupe-sterne.com\/fr\/comment-groupe-sterne-se-mobilise-pour-linsertion-professionnelle\/#article","isPartOf":{"@id":"https:\/\/www.groupe-sterne.com\/fr\/comment-groupe-sterne-se-mobilise-pour-linsertion-professionnelle\/"},"author":{"name":"Virginie Longobardi","@id":"https:\/\/groupe-sterne.com\/fr\/#\/schema\/person\/491edd3c391344e5e86d0c242ff7c198"},"headline":"Comment le Groupe STERNE se mobilise pour l\u2019insertion sociale et professionnelle ?","datePublished":"2023-08-02T07:40:16+00:00","dateModified":"2023-08-24T09:52:28+00:00","mainEntityOfPage":{"@id":"https:\/\/www.groupe-sterne.com\/fr\/comment-groupe-sterne-se-mobilise-pour-linsertion-professionnelle\/"},"wordCount":298,"publisher":{"@id":"https:\/\/groupe-sterne.com\/fr\/#organization"},"image":{"@id":"https:\/\/www.groupe-sterne.com\/fr\/comment-groupe-sterne-se-mobilise-pour-linsertion-professionnelle\/#primaryimage"},"thumbnailUrl":"https:\/\/www.groupe-sterne.com\/wp-content\/uploads\/2023\/08\/thumbnail_IMG-1571.jpg","keywords":["DIVERSITE","embauche","emploi","EMPLOYEUR","inclusion","insertion professionnelle","rse","salari\u00e9","social","sterne"],"articleSection":["blog"],"inLanguage":"fr-FR"},{"@type":"WebPage","@id":"https:\/\/www.groupe-sterne.com\/fr\/comment-groupe-sterne-se-mobilise-pour-linsertion-professionnelle\/","url":"https:\/\/www.groupe-sterne.com\/fr\/comment-groupe-sterne-se-mobilise-pour-linsertion-professionnelle\/","name":"Comment le Groupe STERNE se mobilise pour l\u2019insertion sociale et professionnelle ? &#8226; Groupe STERNE","isPartOf":{"@id":"https:\/\/groupe-sterne.com\/fr\/#website"},"primaryImageOfPage":{"@id":"https:\/\/www.groupe-sterne.com\/fr\/comment-groupe-sterne-se-mobilise-pour-linsertion-professionnelle\/#primaryimage"},"image":{"@id":"https:\/\/www.groupe-sterne.com\/fr\/comment-groupe-sterne-se-mobilise-pour-linsertion-professionnelle\/#primaryimage"},"thumbnailUrl":"https:\/\/www.groupe-sterne.com\/wp-content\/uploads\/2023\/08\/thumbnail_IMG-1571.jpg","datePublished":"2023-08-02T07:40:16+00:00","dateModified":"2023-08-24T09:52:28+00:00","description":"Le Groupe STERNE a s\u00e9lectionn\u00e9 20 blogs de sp\u00e9cialistes qui, chacun dans leur domaine d\u2019expertise, apportent un regard chevronn\u00e9 et des analyses pointues sur les activit\u00e9s et l\u2019\u00e9volution des secteurs Transport & Logistique.","breadcrumb":{"@id":"https:\/\/www.groupe-sterne.com\/fr\/comment-groupe-sterne-se-mobilise-pour-linsertion-professionnelle\/#breadcrumb"},"inLanguage":"fr-FR","potentialAction":[{"@type":"ReadAction","target":["https:\/\/www.groupe-sterne.com\/fr\/comment-groupe-sterne-se-mobilise-pour-linsertion-professionnelle\/"]}]},{"@type":"ImageObject","inLanguage":"fr-FR","@id":"https:\/\/www.groupe-sterne.com\/fr\/comment-groupe-sterne-se-mobilise-pour-linsertion-professionnelle\/#primaryimage","url":"https:\/\/www.groupe-sterne.com\/wp-content\/uploads\/2023\/08\/thumbnail_IMG-1571.jpg","contentUrl":"https:\/\/www.groupe-sterne.com\/wp-content\/uploads\/2023\/08\/thumbnail_IMG-1571.jpg","width":1920,"height":1920},{"@type":"BreadcrumbList","@id":"https:\/\/www.groupe-sterne.com\/fr\/comment-groupe-sterne-se-mobilise-pour-linsertion-professionnelle\/#breadcrumb","itemListElement":[{"@type":"ListItem","position":1,"name":"Accueil","item":"https:\/\/www.groupe-sterne.com\/fr\/"},{"@type":"ListItem","position":2,"name":"Comment le Groupe STERNE se mobilise pour l\u2019insertion sociale et professionnelle ?"}]},{"@type":"WebSite","@id":"https:\/\/groupe-sterne.com\/fr\/#website","url":"https:\/\/groupe-sterne.com\/fr\/","name":"Groupe STERNE","description":"Votre sp\u00e9cialiste Premium Freight","publisher":{"@id":"https:\/\/groupe-sterne.com\/fr\/#organization"},"potentialAction":[{"@type":"SearchAction","target":{"@type":"EntryPoint","urlTemplate":"https:\/\/groupe-sterne.com\/fr\/?s={search_term_string}"},"query-input":{"@type":"PropertyValueSpecification","valueRequired":true,"valueName":"search_term_string"}}],"inLanguage":"fr-FR"},{"@type":"Organization","@id":"https:\/\/groupe-sterne.com\/fr\/#organization","name":"Groupe STERNE","url":"https:\/\/groupe-sterne.com\/fr\/","logo":{"@type":"ImageObject","inLanguage":"fr-FR","@id":"https:\/\/groupe-sterne.com\/fr\/#\/schema\/logo\/image\/","url":"https:\/\/groupe-sterne.com\/wp-content\/uploads\/2022\/02\/logo_sterne.png","contentUrl":"https:\/\/groupe-sterne.com\/wp-content\/uploads\/2022\/02\/logo_sterne.png","width":442,"height":116,"caption":"Groupe STERNE"},"image":{"@id":"https:\/\/groupe-sterne.com\/fr\/#\/schema\/logo\/image\/"}},{"@type":"Person","@id":"https:\/\/groupe-sterne.com\/fr\/#\/schema\/person\/491edd3c391344e5e86d0c242ff7c198","name":"Virginie Longobardi","url":"https:\/\/www.groupe-sterne.com\/fr\/author\/vlongobardigroupe-sterne-com\/"}]}},"_links":{"self":[{"href":"https:\/\/www.groupe-sterne.com\/fr\/wp-json\/wp\/v2\/posts\/9845","targetHints":{"allow":["GET"]}}],"collection":[{"href":"https:\/\/www.groupe-sterne.com\/fr\/wp-json\/wp\/v2\/posts"}],"about":[{"href":"https:\/\/www.groupe-sterne.com\/fr\/wp-json\/wp\/v2\/types\/post"}],"author":[{"embeddable":true,"href":"https:\/\/www.groupe-sterne.com\/fr\/wp-json\/wp\/v2\/users\/4"}],"replies":[{"embeddable":true,"href":"https:\/\/www.groupe-sterne.com\/fr\/wp-json\/wp\/v2\/comments?post=9845"}],"version-history":[{"count":9,"href":"https:\/\/www.groupe-sterne.com\/fr\/wp-json\/wp\/v2\/posts\/9845\/revisions"}],"predecessor-version":[{"id":9986,"href":"https:\/\/www.groupe-sterne.com\/fr\/wp-json\/wp\/v2\/posts\/9845\/revisions\/9986"}],"wp:featuredmedia":[{"embeddable":true,"href":"https:\/\/www.groupe-sterne.com\/fr\/wp-json\/wp\/v2\/media\/9995"}],"wp:attachment":[{"href":"https:\/\/www.groupe-sterne.com\/fr\/wp-json\/wp\/v2\/media?parent=9845"}],"wp:term":[{"taxonomy":"category","embeddable":true,"href":"https:\/\/www.groupe-sterne.com\/fr\/wp-json\/wp\/v2\/categories?post=9845"},{"taxonomy":"post_tag","embeddable":true,"href":"https:\/\/www.groupe-sterne.com\/fr\/wp-json\/wp\/v2\/tags?post=9845"}],"curies":[{"name":"wp","href":"https:\/\/api.w.org\/{rel}","templated":true}]}}