{"id":8470,"date":"2023-02-14T09:57:53","date_gmt":"2023-02-14T08:57:53","guid":{"rendered":"https:\/\/www.groupe-sterne.com\/?p=8470"},"modified":"2023-02-14T10:00:47","modified_gmt":"2023-02-14T09:00:47","slug":"pm-pro-confie-sa-logistique-de-pieces-au-groupe-sterne","status":"publish","type":"post","link":"https:\/\/www.groupe-sterne.com\/fr\/pm-pro-confie-sa-logistique-de-pieces-au-groupe-sterne\/","title":{"rendered":"PM Pro confie sa logistique de pi\u00e8ces au Groupe STERNE"},"content":{"rendered":"\t\t<div data-elementor-type=\"wp-post\" data-elementor-id=\"8470\" class=\"elementor elementor-8470\" data-elementor-post-type=\"post\">\n\t\t\t\t\t\t<section class=\"elementor-section elementor-top-section elementor-element elementor-element-96cd258 elementor-section-boxed elementor-section-height-default elementor-section-height-default\" data-id=\"96cd258\" data-element_type=\"section\" data-e-type=\"section\">\n\t\t\t\t\t\t<div class=\"elementor-container elementor-column-gap-default\">\n\t\t\t\t\t<div class=\"elementor-column elementor-col-100 elementor-top-column elementor-element elementor-element-d023817\" data-id=\"d023817\" data-element_type=\"column\" data-e-type=\"column\">\n\t\t\t<div class=\"elementor-widget-wrap elementor-element-populated\">\n\t\t\t\t\t\t<div class=\"elementor-element elementor-element-438105c elementor-widget elementor-widget-text-editor\" data-id=\"438105c\" data-element_type=\"widget\" data-e-type=\"widget\" data-widget_type=\"text-editor.default\">\n\t\t\t\t<div class=\"elementor-widget-container\">\n\t\t\t\t\t\t\t\t\t<p><em>Farm Connexion<\/em><br \/><strong>Mathieu Bonaventure<\/strong> \u2013 Publi\u00e9 le 14\/10\/2022<time datetime=\"2022-02-21T10:30:00+01:00\"><\/time><\/p><div><p><strong><span id=\"page3R_mcid16\"><span dir=\"ltr\" role=\"presentation\">C<\/span><\/span><span id=\"page3R_mcid16\"><span dir=\"ltr\" role=\"presentation\">oncessionnaire\u00a0<\/span><\/span><span id=\"page3R_mcid16\"><span dir=\"ltr\" role=\"presentation\">John Deere<\/span>\u00a0de la Champagne au Nord Pas de Calais, PM Pro a confi\u00e9 en<\/span><span id=\"page3R_mcid16\"><span dir=\"ltr\" role=\"presentation\">\u00a0ao<\/span><span dir=\"ltr\" role=\"presentation\">\u00fb<\/span><span dir=\"ltr\" role=\"presentation\">t 2021<\/span><span dir=\"ltr\" role=\"presentation\">\u00a0la\u00a0<\/span><span dir=\"ltr\" role=\"presentation\">gestion d<\/span><span dir=\"ltr\" role=\"presentation\">e ses<\/span>\u00a0<span dir=\"ltr\" role=\"presentation\">stocks gr\u00e2ce \u00e0 un syst\u00e8me de navettes\u00a0<\/span><span dir=\"ltr\" role=\"presentation\">quotidiennes<\/span><span dir=\"ltr\" role=\"presentation\">.<\/span><\/span><\/strong><\/p><p><span id=\"page3R_mcid16\"><span dir=\"ltr\" role=\"presentation\"><span id=\"page3R_mcid19\">C\u2019est parce qu\u2019elle est pr\u00e9sente sur pas moins de 20 sites dans 5 d\u00e9partements de l\u2019Aube au Pas-de-Calais, en passant par la Marne, l\u2019Aisne, la Somme et le Nord que PM Pro a \u00e9t\u00e9 contraint d\u2019am\u00e9liorer son processus de gestion des stocks.\u00a0<\/span><\/span><\/span><\/p><\/div><p>Lire la suite dans <a href=\"https:\/\/www.farm-connexion.com\/2022\/10\/14\/pm-pro-confie-sa-logistique-de-pieces-au-groupe-sterne\/\" target=\"_blank\" rel=\"noopener\">Farm Connexion<\/a><\/p>\t\t\t\t\t\t\t\t<\/div>\n\t\t\t\t<\/div>\n\t\t\t\t\t<\/div>\n\t\t<\/div>\n\t\t\t\t\t<\/div>\n\t\t<\/section>\n\t\t\t\t<\/div>\n\t\t","protected":false},"excerpt":{"rendered":"<p>Le sp\u00e9cialiste de l\u2019impression Sequo\u00efa Global Services a r\u00e9duit ses temps d\u2019intervention de 30 % gr\u00e2ce \u00e0 un partenariat d\u00e9but\u00e9 en 2020 avec le groupe Sterne.<\/p>\n","protected":false},"author":4,"featured_media":8471,"comment_status":"closed","ping_status":"closed","sticky":false,"template":"","format":"standard","meta":{"_acf_changed":false,"footnotes":""},"categories":[19],"tags":[332,348,349,352,330,351,88,326,38,274,353,350,327,55,331,329,29],"class_list":["post-8470","post","type-post","status-publish","format-standard","has-post-thumbnail","hentry","category-presse","tag-aftersales-2","tag-agricole","tag-concessionnaire","tag-fabricant","tag-intervention","tag-johndeere","tag-livraison","tag-maintenance","tag-optimisation","tag-pieces","tag-piecesdetachees","tag-pmpro","tag-reparation","tag-sav","tag-technicien","tag-time-to-repair","tag-transport"],"acf":[],"yoast_head":"<!-- This site is optimized with the Yoast SEO Premium plugin v25.3 (Yoast SEO v27.5) - https:\/\/yoast.com\/product\/yoast-seo-premium-wordpress\/ -->\n<title>PM Pro confie sa logistique de pi\u00e8ces au Groupe STERNE &#8226; Groupe STERNE<\/title>\n<meta name=\"description\" content=\"Concessionnaire John Deere de la Champagne au Nord Pas de Calais, PM Pro a confi\u00e9 en ao\u00fbt 2021 la gestion de ses stocks gr\u00e2ce \u00e0 un syst\u00e8me de navettes quotidiennes.\" \/>\n<meta name=\"robots\" content=\"index, follow, max-snippet:-1, max-image-preview:large, max-video-preview:-1\" \/>\n<link rel=\"canonical\" href=\"https:\/\/www.groupe-sterne.com\/fr\/pm-pro-confie-sa-logistique-de-pieces-au-groupe-sterne\/\" \/>\n<meta property=\"og:locale\" content=\"fr_FR\" \/>\n<meta property=\"og:type\" content=\"article\" \/>\n<meta property=\"og:title\" content=\"PM Pro confie sa logistique de pi\u00e8ces au Groupe STERNE\" \/>\n<meta property=\"og:description\" content=\"Concessionnaire John Deere de la Champagne au Nord Pas de Calais, PM Pro a confi\u00e9 en ao\u00fbt 2021 la gestion de ses stocks gr\u00e2ce \u00e0 un syst\u00e8me de navettes quotidiennes.\" \/>\n<meta property=\"og:url\" content=\"https:\/\/www.groupe-sterne.com\/fr\/pm-pro-confie-sa-logistique-de-pieces-au-groupe-sterne\/\" \/>\n<meta property=\"og:site_name\" content=\"Groupe STERNE\" \/>\n<meta property=\"article:published_time\" content=\"2023-02-14T08:57:53+00:00\" \/>\n<meta property=\"article:modified_time\" content=\"2023-02-14T09:00:47+00:00\" \/>\n<meta property=\"og:image\" content=\"https:\/\/www.groupe-sterne.com\/wp-content\/uploads\/2023\/02\/pm-pro-BASE-FEUGES.jpg\" \/>\n\t<meta property=\"og:image:width\" content=\"1000\" \/>\n\t<meta property=\"og:image:height\" content=\"667\" \/>\n\t<meta property=\"og:image:type\" content=\"image\/jpeg\" \/>\n<meta name=\"author\" content=\"Virginie Longobardi\" \/>\n<meta name=\"twitter:card\" content=\"summary_large_image\" \/>\n<meta name=\"twitter:label1\" content=\"\u00c9crit par\" \/>\n\t<meta name=\"twitter:data1\" content=\"Virginie Longobardi\" \/>\n\t<meta name=\"twitter:label2\" content=\"Dur\u00e9e de lecture estim\u00e9e\" \/>\n\t<meta name=\"twitter:data2\" content=\"1 minute\" \/>\n<script type=\"application\/ld+json\" class=\"yoast-schema-graph\">{\"@context\":\"https:\\\/\\\/schema.org\",\"@graph\":[{\"@type\":\"Article\",\"@id\":\"https:\\\/\\\/www.groupe-sterne.com\\\/fr\\\/pm-pro-confie-sa-logistique-de-pieces-au-groupe-sterne\\\/#article\",\"isPartOf\":{\"@id\":\"https:\\\/\\\/www.groupe-sterne.com\\\/fr\\\/pm-pro-confie-sa-logistique-de-pieces-au-groupe-sterne\\\/\"},\"author\":{\"name\":\"Virginie Longobardi\",\"@id\":\"https:\\\/\\\/groupe-sterne.com\\\/fr\\\/#\\\/schema\\\/person\\\/491edd3c391344e5e86d0c242ff7c198\"},\"headline\":\"PM Pro confie sa logistique de pi\u00e8ces au Groupe STERNE\",\"datePublished\":\"2023-02-14T08:57:53+00:00\",\"dateModified\":\"2023-02-14T09:00:47+00:00\",\"mainEntityOfPage\":{\"@id\":\"https:\\\/\\\/www.groupe-sterne.com\\\/fr\\\/pm-pro-confie-sa-logistique-de-pieces-au-groupe-sterne\\\/\"},\"wordCount\":102,\"publisher\":{\"@id\":\"https:\\\/\\\/groupe-sterne.com\\\/fr\\\/#organization\"},\"image\":{\"@id\":\"https:\\\/\\\/www.groupe-sterne.com\\\/fr\\\/pm-pro-confie-sa-logistique-de-pieces-au-groupe-sterne\\\/#primaryimage\"},\"thumbnailUrl\":\"https:\\\/\\\/www.groupe-sterne.com\\\/wp-content\\\/uploads\\\/2023\\\/02\\\/pm-pro-BASE-FEUGES.jpg\",\"keywords\":[\"aftersales\",\"agricole\",\"concessionnaire\",\"fabricant\",\"intervention\",\"johndeere\",\"livraison\",\"maintenance\",\"optimisation\",\"pi\u00e8ces\",\"pi\u00e8cesd\u00e9tach\u00e9es\",\"pmpro\",\"r\u00e9paration\",\"sav\",\"technicien\",\"time to repair\",\"transport\"],\"articleSection\":[\"presse\"],\"inLanguage\":\"fr-FR\"},{\"@type\":\"WebPage\",\"@id\":\"https:\\\/\\\/www.groupe-sterne.com\\\/fr\\\/pm-pro-confie-sa-logistique-de-pieces-au-groupe-sterne\\\/\",\"url\":\"https:\\\/\\\/www.groupe-sterne.com\\\/fr\\\/pm-pro-confie-sa-logistique-de-pieces-au-groupe-sterne\\\/\",\"name\":\"PM Pro confie sa logistique de pi\u00e8ces au Groupe STERNE &#8226; Groupe STERNE\",\"isPartOf\":{\"@id\":\"https:\\\/\\\/groupe-sterne.com\\\/fr\\\/#website\"},\"primaryImageOfPage\":{\"@id\":\"https:\\\/\\\/www.groupe-sterne.com\\\/fr\\\/pm-pro-confie-sa-logistique-de-pieces-au-groupe-sterne\\\/#primaryimage\"},\"image\":{\"@id\":\"https:\\\/\\\/www.groupe-sterne.com\\\/fr\\\/pm-pro-confie-sa-logistique-de-pieces-au-groupe-sterne\\\/#primaryimage\"},\"thumbnailUrl\":\"https:\\\/\\\/www.groupe-sterne.com\\\/wp-content\\\/uploads\\\/2023\\\/02\\\/pm-pro-BASE-FEUGES.jpg\",\"datePublished\":\"2023-02-14T08:57:53+00:00\",\"dateModified\":\"2023-02-14T09:00:47+00:00\",\"description\":\"Concessionnaire John Deere de la Champagne au Nord Pas de Calais, PM Pro a confi\u00e9 en ao\u00fbt 2021 la gestion de ses stocks gr\u00e2ce \u00e0 un syst\u00e8me de navettes quotidiennes.\",\"breadcrumb\":{\"@id\":\"https:\\\/\\\/www.groupe-sterne.com\\\/fr\\\/pm-pro-confie-sa-logistique-de-pieces-au-groupe-sterne\\\/#breadcrumb\"},\"inLanguage\":\"fr-FR\",\"potentialAction\":[{\"@type\":\"ReadAction\",\"target\":[\"https:\\\/\\\/www.groupe-sterne.com\\\/fr\\\/pm-pro-confie-sa-logistique-de-pieces-au-groupe-sterne\\\/\"]}]},{\"@type\":\"ImageObject\",\"inLanguage\":\"fr-FR\",\"@id\":\"https:\\\/\\\/www.groupe-sterne.com\\\/fr\\\/pm-pro-confie-sa-logistique-de-pieces-au-groupe-sterne\\\/#primaryimage\",\"url\":\"https:\\\/\\\/www.groupe-sterne.com\\\/wp-content\\\/uploads\\\/2023\\\/02\\\/pm-pro-BASE-FEUGES.jpg\",\"contentUrl\":\"https:\\\/\\\/www.groupe-sterne.com\\\/wp-content\\\/uploads\\\/2023\\\/02\\\/pm-pro-BASE-FEUGES.jpg\",\"width\":1000,\"height\":667},{\"@type\":\"BreadcrumbList\",\"@id\":\"https:\\\/\\\/www.groupe-sterne.com\\\/fr\\\/pm-pro-confie-sa-logistique-de-pieces-au-groupe-sterne\\\/#breadcrumb\",\"itemListElement\":[{\"@type\":\"ListItem\",\"position\":1,\"name\":\"Accueil\",\"item\":\"https:\\\/\\\/www.groupe-sterne.com\\\/fr\\\/\"},{\"@type\":\"ListItem\",\"position\":2,\"name\":\"PM Pro confie sa logistique de pi\u00e8ces au Groupe STERNE\"}]},{\"@type\":\"WebSite\",\"@id\":\"https:\\\/\\\/groupe-sterne.com\\\/fr\\\/#website\",\"url\":\"https:\\\/\\\/groupe-sterne.com\\\/fr\\\/\",\"name\":\"Groupe STERNE\",\"description\":\"Votre sp\u00e9cialiste Premium Freight\",\"publisher\":{\"@id\":\"https:\\\/\\\/groupe-sterne.com\\\/fr\\\/#organization\"},\"potentialAction\":[{\"@type\":\"SearchAction\",\"target\":{\"@type\":\"EntryPoint\",\"urlTemplate\":\"https:\\\/\\\/groupe-sterne.com\\\/fr\\\/?s={search_term_string}\"},\"query-input\":{\"@type\":\"PropertyValueSpecification\",\"valueRequired\":true,\"valueName\":\"search_term_string\"}}],\"inLanguage\":\"fr-FR\"},{\"@type\":\"Organization\",\"@id\":\"https:\\\/\\\/groupe-sterne.com\\\/fr\\\/#organization\",\"name\":\"Groupe STERNE\",\"url\":\"https:\\\/\\\/groupe-sterne.com\\\/fr\\\/\",\"logo\":{\"@type\":\"ImageObject\",\"inLanguage\":\"fr-FR\",\"@id\":\"https:\\\/\\\/groupe-sterne.com\\\/fr\\\/#\\\/schema\\\/logo\\\/image\\\/\",\"url\":\"https:\\\/\\\/groupe-sterne.com\\\/wp-content\\\/uploads\\\/2022\\\/02\\\/logo_sterne.png\",\"contentUrl\":\"https:\\\/\\\/groupe-sterne.com\\\/wp-content\\\/uploads\\\/2022\\\/02\\\/logo_sterne.png\",\"width\":442,\"height\":116,\"caption\":\"Groupe STERNE\"},\"image\":{\"@id\":\"https:\\\/\\\/groupe-sterne.com\\\/fr\\\/#\\\/schema\\\/logo\\\/image\\\/\"}},{\"@type\":\"Person\",\"@id\":\"https:\\\/\\\/groupe-sterne.com\\\/fr\\\/#\\\/schema\\\/person\\\/491edd3c391344e5e86d0c242ff7c198\",\"name\":\"Virginie Longobardi\",\"url\":\"https:\\\/\\\/www.groupe-sterne.com\\\/fr\\\/author\\\/vlongobardigroupe-sterne-com\\\/\"}]}<\/script>\n<!-- \/ Yoast SEO Premium plugin. -->","yoast_head_json":{"title":"PM Pro confie sa logistique de pi\u00e8ces au Groupe STERNE &#8226; Groupe STERNE","description":"Concessionnaire John Deere de la Champagne au Nord Pas de Calais, PM Pro a confi\u00e9 en ao\u00fbt 2021 la gestion de ses stocks gr\u00e2ce \u00e0 un syst\u00e8me de navettes quotidiennes.","robots":{"index":"index","follow":"follow","max-snippet":"max-snippet:-1","max-image-preview":"max-image-preview:large","max-video-preview":"max-video-preview:-1"},"canonical":"https:\/\/www.groupe-sterne.com\/fr\/pm-pro-confie-sa-logistique-de-pieces-au-groupe-sterne\/","og_locale":"fr_FR","og_type":"article","og_title":"PM Pro confie sa logistique de pi\u00e8ces au Groupe STERNE","og_description":"Concessionnaire John Deere de la Champagne au Nord Pas de Calais, PM Pro a confi\u00e9 en ao\u00fbt 2021 la gestion de ses stocks gr\u00e2ce \u00e0 un syst\u00e8me de navettes quotidiennes.","og_url":"https:\/\/www.groupe-sterne.com\/fr\/pm-pro-confie-sa-logistique-de-pieces-au-groupe-sterne\/","og_site_name":"Groupe STERNE","article_published_time":"2023-02-14T08:57:53+00:00","article_modified_time":"2023-02-14T09:00:47+00:00","og_image":[{"width":1000,"height":667,"url":"https:\/\/www.groupe-sterne.com\/wp-content\/uploads\/2023\/02\/pm-pro-BASE-FEUGES.jpg","type":"image\/jpeg"}],"author":"Virginie Longobardi","twitter_card":"summary_large_image","twitter_misc":{"\u00c9crit par":"Virginie Longobardi","Dur\u00e9e de lecture estim\u00e9e":"1 minute"},"schema":{"@context":"https:\/\/schema.org","@graph":[{"@type":"Article","@id":"https:\/\/www.groupe-sterne.com\/fr\/pm-pro-confie-sa-logistique-de-pieces-au-groupe-sterne\/#article","isPartOf":{"@id":"https:\/\/www.groupe-sterne.com\/fr\/pm-pro-confie-sa-logistique-de-pieces-au-groupe-sterne\/"},"author":{"name":"Virginie Longobardi","@id":"https:\/\/groupe-sterne.com\/fr\/#\/schema\/person\/491edd3c391344e5e86d0c242ff7c198"},"headline":"PM Pro confie sa logistique de pi\u00e8ces au Groupe STERNE","datePublished":"2023-02-14T08:57:53+00:00","dateModified":"2023-02-14T09:00:47+00:00","mainEntityOfPage":{"@id":"https:\/\/www.groupe-sterne.com\/fr\/pm-pro-confie-sa-logistique-de-pieces-au-groupe-sterne\/"},"wordCount":102,"publisher":{"@id":"https:\/\/groupe-sterne.com\/fr\/#organization"},"image":{"@id":"https:\/\/www.groupe-sterne.com\/fr\/pm-pro-confie-sa-logistique-de-pieces-au-groupe-sterne\/#primaryimage"},"thumbnailUrl":"https:\/\/www.groupe-sterne.com\/wp-content\/uploads\/2023\/02\/pm-pro-BASE-FEUGES.jpg","keywords":["aftersales","agricole","concessionnaire","fabricant","intervention","johndeere","livraison","maintenance","optimisation","pi\u00e8ces","pi\u00e8cesd\u00e9tach\u00e9es","pmpro","r\u00e9paration","sav","technicien","time to repair","transport"],"articleSection":["presse"],"inLanguage":"fr-FR"},{"@type":"WebPage","@id":"https:\/\/www.groupe-sterne.com\/fr\/pm-pro-confie-sa-logistique-de-pieces-au-groupe-sterne\/","url":"https:\/\/www.groupe-sterne.com\/fr\/pm-pro-confie-sa-logistique-de-pieces-au-groupe-sterne\/","name":"PM Pro confie sa logistique de pi\u00e8ces au Groupe STERNE &#8226; Groupe STERNE","isPartOf":{"@id":"https:\/\/groupe-sterne.com\/fr\/#website"},"primaryImageOfPage":{"@id":"https:\/\/www.groupe-sterne.com\/fr\/pm-pro-confie-sa-logistique-de-pieces-au-groupe-sterne\/#primaryimage"},"image":{"@id":"https:\/\/www.groupe-sterne.com\/fr\/pm-pro-confie-sa-logistique-de-pieces-au-groupe-sterne\/#primaryimage"},"thumbnailUrl":"https:\/\/www.groupe-sterne.com\/wp-content\/uploads\/2023\/02\/pm-pro-BASE-FEUGES.jpg","datePublished":"2023-02-14T08:57:53+00:00","dateModified":"2023-02-14T09:00:47+00:00","description":"Concessionnaire John Deere de la Champagne au Nord Pas de Calais, PM Pro a confi\u00e9 en ao\u00fbt 2021 la gestion de ses stocks gr\u00e2ce \u00e0 un syst\u00e8me de navettes quotidiennes.","breadcrumb":{"@id":"https:\/\/www.groupe-sterne.com\/fr\/pm-pro-confie-sa-logistique-de-pieces-au-groupe-sterne\/#breadcrumb"},"inLanguage":"fr-FR","potentialAction":[{"@type":"ReadAction","target":["https:\/\/www.groupe-sterne.com\/fr\/pm-pro-confie-sa-logistique-de-pieces-au-groupe-sterne\/"]}]},{"@type":"ImageObject","inLanguage":"fr-FR","@id":"https:\/\/www.groupe-sterne.com\/fr\/pm-pro-confie-sa-logistique-de-pieces-au-groupe-sterne\/#primaryimage","url":"https:\/\/www.groupe-sterne.com\/wp-content\/uploads\/2023\/02\/pm-pro-BASE-FEUGES.jpg","contentUrl":"https:\/\/www.groupe-sterne.com\/wp-content\/uploads\/2023\/02\/pm-pro-BASE-FEUGES.jpg","width":1000,"height":667},{"@type":"BreadcrumbList","@id":"https:\/\/www.groupe-sterne.com\/fr\/pm-pro-confie-sa-logistique-de-pieces-au-groupe-sterne\/#breadcrumb","itemListElement":[{"@type":"ListItem","position":1,"name":"Accueil","item":"https:\/\/www.groupe-sterne.com\/fr\/"},{"@type":"ListItem","position":2,"name":"PM Pro confie sa logistique de pi\u00e8ces au Groupe STERNE"}]},{"@type":"WebSite","@id":"https:\/\/groupe-sterne.com\/fr\/#website","url":"https:\/\/groupe-sterne.com\/fr\/","name":"Groupe STERNE","description":"Votre sp\u00e9cialiste Premium Freight","publisher":{"@id":"https:\/\/groupe-sterne.com\/fr\/#organization"},"potentialAction":[{"@type":"SearchAction","target":{"@type":"EntryPoint","urlTemplate":"https:\/\/groupe-sterne.com\/fr\/?s={search_term_string}"},"query-input":{"@type":"PropertyValueSpecification","valueRequired":true,"valueName":"search_term_string"}}],"inLanguage":"fr-FR"},{"@type":"Organization","@id":"https:\/\/groupe-sterne.com\/fr\/#organization","name":"Groupe STERNE","url":"https:\/\/groupe-sterne.com\/fr\/","logo":{"@type":"ImageObject","inLanguage":"fr-FR","@id":"https:\/\/groupe-sterne.com\/fr\/#\/schema\/logo\/image\/","url":"https:\/\/groupe-sterne.com\/wp-content\/uploads\/2022\/02\/logo_sterne.png","contentUrl":"https:\/\/groupe-sterne.com\/wp-content\/uploads\/2022\/02\/logo_sterne.png","width":442,"height":116,"caption":"Groupe STERNE"},"image":{"@id":"https:\/\/groupe-sterne.com\/fr\/#\/schema\/logo\/image\/"}},{"@type":"Person","@id":"https:\/\/groupe-sterne.com\/fr\/#\/schema\/person\/491edd3c391344e5e86d0c242ff7c198","name":"Virginie Longobardi","url":"https:\/\/www.groupe-sterne.com\/fr\/author\/vlongobardigroupe-sterne-com\/"}]}},"_links":{"self":[{"href":"https:\/\/www.groupe-sterne.com\/fr\/wp-json\/wp\/v2\/posts\/8470","targetHints":{"allow":["GET"]}}],"collection":[{"href":"https:\/\/www.groupe-sterne.com\/fr\/wp-json\/wp\/v2\/posts"}],"about":[{"href":"https:\/\/www.groupe-sterne.com\/fr\/wp-json\/wp\/v2\/types\/post"}],"author":[{"embeddable":true,"href":"https:\/\/www.groupe-sterne.com\/fr\/wp-json\/wp\/v2\/users\/4"}],"replies":[{"embeddable":true,"href":"https:\/\/www.groupe-sterne.com\/fr\/wp-json\/wp\/v2\/comments?post=8470"}],"version-history":[{"count":0,"href":"https:\/\/www.groupe-sterne.com\/fr\/wp-json\/wp\/v2\/posts\/8470\/revisions"}],"wp:featuredmedia":[{"embeddable":true,"href":"https:\/\/www.groupe-sterne.com\/fr\/wp-json\/wp\/v2\/media\/8471"}],"wp:attachment":[{"href":"https:\/\/www.groupe-sterne.com\/fr\/wp-json\/wp\/v2\/media?parent=8470"}],"wp:term":[{"taxonomy":"category","embeddable":true,"href":"https:\/\/www.groupe-sterne.com\/fr\/wp-json\/wp\/v2\/categories?post=8470"},{"taxonomy":"post_tag","embeddable":true,"href":"https:\/\/www.groupe-sterne.com\/fr\/wp-json\/wp\/v2\/tags?post=8470"}],"curies":[{"name":"wp","href":"https:\/\/api.w.org\/{rel}","templated":true}]}}