{"id":6349,"date":"2020-03-08T18:56:00","date_gmt":"2020-03-08T17:56:00","guid":{"rendered":"https:\/\/groupe-sterne.com\/?p=6349"},"modified":"2022-08-31T10:17:14","modified_gmt":"2022-08-31T08:17:14","slug":"la-mixite-au-coeur-de-nos-metiers","status":"publish","type":"post","link":"https:\/\/www.groupe-sterne.com\/fr\/la-mixite-au-coeur-de-nos-metiers\/","title":{"rendered":"LA MIXIT\u00c9 AU C\u0152UR DE NOS M\u00c9TIERS"},"content":{"rendered":"\t\t<div data-elementor-type=\"wp-post\" data-elementor-id=\"6349\" class=\"elementor elementor-6349\" data-elementor-post-type=\"post\">\n\t\t\t\t\t\t<section class=\"elementor-section elementor-top-section elementor-element elementor-element-95501cc elementor-section-boxed elementor-section-height-default elementor-section-height-default\" data-id=\"95501cc\" data-element_type=\"section\" data-e-type=\"section\">\n\t\t\t\t\t\t<div class=\"elementor-container elementor-column-gap-default\">\n\t\t\t\t\t<div class=\"elementor-column elementor-col-100 elementor-top-column elementor-element elementor-element-620f615\" data-id=\"620f615\" data-element_type=\"column\" data-e-type=\"column\">\n\t\t\t<div class=\"elementor-widget-wrap elementor-element-populated\">\n\t\t\t\t\t\t<div class=\"elementor-element elementor-element-49ddf4e elementor-widget elementor-widget-text-editor\" data-id=\"49ddf4e\" data-element_type=\"widget\" data-e-type=\"widget\" data-widget_type=\"text-editor.default\">\n\t\t\t\t<div class=\"elementor-widget-container\">\n\t\t\t\t\t\t\t\t\t<div class=\"row justify-content-center mb-3 mt-4\"><div class=\"col-12 col-md-10 col-lg-8\"><p><strong><img fetchpriority=\"high\" decoding=\"async\" class=\"wp-image-6350 alignleft\" src=\"https:\/\/www.groupe-sterne.com\/wp-content\/uploads\/2022\/04\/POST-300x205.jpg\" alt=\"8 femmes\" width=\"341\" height=\"233\" srcset=\"https:\/\/www.groupe-sterne.com\/wp-content\/uploads\/2022\/04\/POST-300x205.jpg 300w, https:\/\/www.groupe-sterne.com\/wp-content\/uploads\/2022\/04\/POST-1024x699.jpg 1024w, https:\/\/www.groupe-sterne.com\/wp-content\/uploads\/2022\/04\/POST-768x524.jpg 768w, https:\/\/www.groupe-sterne.com\/wp-content\/uploads\/2022\/04\/POST-1536x1048.jpg 1536w, https:\/\/www.groupe-sterne.com\/wp-content\/uploads\/2022\/04\/POST.jpg 1979w\" sizes=\"(max-width: 341px) 100vw, 341px\" \/><br \/><\/strong><\/p><p><strong>Elles sont chefs des ventes, responsables d\u2019exploitation, chauffeurs ou affr\u00e9teurs\u2026Leur r\u00e9ussite est le r\u00e9sultat de leur \u00e9nergie et leurs comp\u00e9tences dans un secteur du transport encore majoritairement masculin. \u00c0 l\u2019occasion du 8 mars, journ\u00e9e internationale des droits des femmes, 8 collaboratrices du Groupe ont accept\u00e9 de parler de leur parcours et de leur m\u00e9tier. Des portraits inspirants qui t\u00e9moignent de la volont\u00e9 du Groupe STERNE de promouvoir la mixit\u00e9 au sein de tous ses m\u00e9tiers.<\/strong><\/p><\/div><\/div><div class=\"row justify-content-center mb-3 mt-4\"><div class=\"col-12 col-md-11 col-lg-9\">\u00a0<\/div><\/div><div class=\"row justify-content-center mb-3 mt-4\"><div class=\"col-12 col-md-10 col-lg-8\"><p><span style=\"color: #33cccc;\"><strong>\u00a0<\/strong><\/span><\/p><div class=\"wp-block-column\"><div id=\"iconoclic-emoji-wrapper\"><div class=\"iconoclic-emoji-copied\">\u00a0<\/div><p><span style=\"font-size: 14pt;\"><span style=\"color: #33cccc;\"><strong>Fanny GRAVES <\/strong><\/span>| <strong>Affr\u00e9teur international de nuit \/ ATS ST-GEOURS-DE-MAREMNE<\/strong><\/span><\/p><\/div><\/div><h4>\u00ab Les femmes ont leur place dans les m\u00e9tiers de l\u2019exploitation. Elles sont m\u00eame de plus en plus repr\u00e9sent\u00e9es ! \u00bb<\/h4><p><img decoding=\"async\" class=\"emoji\" role=\"img\" draggable=\"false\" src=\"https:\/\/s.w.org\/images\/core\/emoji\/13.1.0\/svg\/1f4ac.svg\" alt=\"\ud83d\udcac\" width=\"9\" height=\"9\" \/> \u00ab <i>Je suis arriv\u00e9e en avril 2015 au service Exploitant de nuit de l\u2019agence ATS de Saint-Geours-de-Maremne. J\u2019ai tent\u00e9 ma chance apr\u00e8s avoir consult\u00e9e une offre d\u2019emploi. J\u2019\u00e9tais jeune, une grande envie d\u2019apprendre, et sans aucun a priori sur le milieu du transport. Je venais de terminer mes \u00e9tudes dans une \u00e9cole d\u2019ing\u00e9nieurs ESTIA \u00e0 Bidart qui propose une formation trilingue. Le fait de savoir parler 3 langues a certainement fait la diff\u00e9rence avec les autres candidats.<\/i> \u00bb Fanny occupe aujourd\u2019hui un poste de nuit qui n\u00e9cessite des \u00e9changes avec des sous-traitants et des clients pr\u00e9sents dans toute l\u2019Europe. Sa mission est d\u2019organiser des solutions de transport et assurer le suivi des missions, jusqu\u2019\u00e0 la livraison des marchandises.<\/p><p>Quand elle arrive au sein du service de nuit, Fanny GRAVES est la seule femme. \u00ab <em>J\u2019ai tout de suite \u00e9t\u00e9 bien accueillie.<\/em> \u00bb Dans son m\u00e9tier, Fanny \u00e9change souvent au t\u00e9l\u00e9phone avec des chauffeurs, des agents de garde ou des caristes. \u00ab <em>\u00catre une femme peut changer les rapports avec certains interlocuteurs. Ils font un peu plus attention \u00e0 leur mani\u00e8re de parler !<\/em> \u00bb En effet, dans son m\u00e9tier d\u2019exploitante o\u00f9 g\u00e9rer les urgences fait partie du quotidien, la patience et la p\u00e9dagogie sont de mise. \u00ab <em>La nuit, on r\u00e9cup\u00e8re les lignes des agences d\u2019ATS et d\u2019ATS SANTE. On doit trouver des solutions rapidement alors que les sites sont ferm\u00e9s et les interlocuteurs souvent absents !<\/em> \u00bb \u00c0 la question de la place de la femme dans le secteur du Transport, Fanny r\u00e9pond : \u00ab <em>En 2015, j\u2019\u00e9tais la seule femme. Depuis, le service a grandi et aujourd\u2019hui nous sommes 4 sur un total de 11 collaborateurs. Pour moi, cela \u00e9volue. Deux de mes coll\u00e8gues ont suivi une formation sp\u00e9cialis\u00e9e dans l\u2019affr\u00e9tement. Les dipl\u00f4m\u00e9es sont de plus en plus nombreuses et cela se r\u00e9percute dans le milieu du travail. Pour moi, il ne faut se mettre aucun frein !<\/em> \u00bb.<\/p><p>\u00a0<\/p><\/div><\/div><div class=\"row justify-content-center mb-3 mt-4\"><div class=\"col-12 col-md-10 col-lg-8\"><p><span style=\"font-size: 14pt;\"><span style=\"color: #33cccc;\"><strong>Karine ROGET <\/strong><\/span>| <strong>Responsable d\u2019exploitation \/ TCS Nice<\/strong><\/span><\/p><h4>\u00ab La d\u00e9termination et la force de caract\u00e8re sont les cl\u00e9s de la r\u00e9ussite dans ce secteur. \u00bb<\/h4><p><img decoding=\"async\" class=\"emoji\" role=\"img\" draggable=\"false\" src=\"https:\/\/s.w.org\/images\/core\/emoji\/13.1.0\/svg\/1f4ac.svg\" alt=\"\ud83d\udcac\" width=\"9\" height=\"9\" \/> Le milieu du transport, Karine ROGET le connait bien. Elle y a fait toute sa carri\u00e8re. Aujourd\u2019hui, responsable d\u2019exploitation \u00e0 l\u2019agence TCS de Nice, c\u2019est en tant que saisonni\u00e8re dans un grand groupe de transport qu\u2019elle fait ses premi\u00e8res armes. Apr\u00e8s seulement 2 mois, on lui propose un poste. Karine saute sur l\u2019occasion et accepte. \u00ab <em>J\u2019ai tout de suite aim\u00e9 le dynamisme du secteur et l\u2019absence de monotonie<\/em> . \u00bb Elle y reste 2 ans et demi durant lesquels elle se familiarise avec le tri, la logistique d\u2019entrep\u00f4t et le SAV. C\u2019est en 2001 que Karine ROGET int\u00e8gre la filiale TCS. D\u2019abord \u00e0 Marseille en tant qu\u2019agent d\u2019exploitation o\u00f9 elle s\u2019occupe aussi bien du SAV, de la gestion administrative que de l\u2019exploitation.\u00a0 Consciente de sa force de caract\u00e8re et de son expertise m\u00e9tier, la direction de TCS lui propose d\u2019ouvrir une nouvelle agence \u00e0 Nice. Aujourd\u2019hui, Karine ROGET manage deux agents d\u2019exploitation et 25 chauffeurs. \u00ab <em>Mon r\u00f4le est de m\u2019assurer que tout se d\u00e9roule dans les meilleures conditions pour la satisfaction de nos clients mais aussi pour le bien \u00eatre de mes \u00e9quipes.<\/em> \u00bb Quand on lui demande le regard qu\u2019elle porte sur son \u00e9volution au sein du Groupe,\u00a0 Karine ROGER r\u00e9pond : \u00ab <em>Ma force de caract\u00e8re. C\u2019est essentiel dans le milieu. Il faut de l\u2019aplomb car nous traitons avec beaucoup de personnes \u00e0 fort temp\u00e9rament.<\/em> \u00bb Elle ajoute : \u00ab <em>\u00catre une femme s\u2019av\u00e8re parfois \u00eatre un grand avantage. Nous sommes moins dans le rapport de force. On gagne en communication et en efficacit\u00e9<\/em> . \u00bb Karine ROGET a d\u2019ailleurs fait le choix d\u2019embaucher une femme dans son service d\u2019exploitation. Virginie HENNERONT qui travaille \u00e0 TCS Nice depuis maintenant 2 ans.<\/p><p>\u00a0<\/p><\/div><\/div><div class=\"row justify-content-center mb-3 mt-4\"><div class=\"col-12 col-md-10 col-lg-8\"><p><span style=\"font-size: 14pt;\"><span style=\"color: #33cccc;\"><strong><img decoding=\"async\" class=\"emoji\" role=\"img\" draggable=\"false\" src=\"https:\/\/s.w.org\/images\/core\/emoji\/13.1.0\/svg\/1f4ac.svg\" alt=\"\ud83d\udcac\" width=\"9\" height=\"9\" \/>\u00a0 Ingrid MARTIN <\/strong><\/span>|<\/span><strong><span style=\"font-size: 14pt;\"> Chauffeur VL nuit chez STERNE Express<\/span> <br \/><\/strong><\/p><h4>\u00ab Le savoir-faire est le meilleur bouclier face aux pr\u00e9jug\u00e9s sur les femmes dans le transport \u00bb<\/h4><p>\u00a0<\/p><p>Pour Ingrid MARTIN, son m\u00e9tier ne se r\u00e9sume pas \u00e0 prendre la route comme on conduit une voiture. Il faut \u00eatre endurant, savoir s\u2019adapter aux conditions m\u00e9t\u00e9orologiques difficiles, anticiper de nuit le comportement des automobilistes, pi\u00e9tons et autres animaux, emprunter les itin\u00e9raires bis en cas de travaux ou accident respecter les imp\u00e9ratifs horaires et les r\u00e8glements des sites sur lesquels on p\u00e9n\u00e8tre, manutentionner des colis, savoir man\u0153uvrer une palette, accepter de travailler certains jours f\u00e9ri\u00e9s et au besoin r\u00e9aliser des op\u00e9rations m\u00e9caniques simples\u2026 La liste est longue et Ingrid MARTIN, qui travaille dans le transport de nuit depuis 9 ans, en a pris son parti.\u00a0 \u00ab <em>Ce que j\u2019aime dans mon m\u00e9tier, c\u2019est la tranquillit\u00e9, la circulation est plus fluide et la population n\u2019est pas la m\u00eame. Je peux voir le soleil se coucher et se lever en \u00e9t\u00e9, \u00e9couter des podcasts ou des audio books.<\/em> \u00bb Chauffeur VL chez BBC, Ingrid MARTIN effectue les tourn\u00e9es de nuit NIORT-CAEN depuis 7 ans, soit 730 kms au quotidien. Sa journ\u00e9e de travail commence \u00e0 19h30, sur la plateforme du client. Vers 20h elle part pour Niort o\u00f9 sa marchandise est d\u00e9charg\u00e9e. Elle reprend ensuite la route pour Caen, charge et reviens \u00e0 NIORT vers 7h30. Passionn\u00e9e de la route depuis toujours, Ingrid est appr\u00e9ci\u00e9e pour son autonomie, sa constance et sa rigueur dans le travail. Elle a toujours pens\u00e9 que le m\u00e9tier de chauffeur est accessible aux femmes \u00ab <em>Ce n\u2019est pas plus difficile qu\u2019un autre m\u00e9tier. On peut conduire une semi-remorque sans difficult\u00e9 ! Et aujourd\u2019hui les clients s\u2019occupent du chargement des marchandises. D\u2019ailleurs je croise de plus en plus de femmes dans le m\u00e9tier.<\/em> \u00bb Si elle avait un conseil \u00e0 donner \u00e0 toutes celles qui voudraient passer Le Cap du permis poids-lourds, ce serait de \u00ab <em>passer au moins le CFP 128 (permis C+ Formation) qui apporte de bonnes bases en mati\u00e8re de r\u00e9glementation, de m\u00e9canique, de conduite et de chargement<\/em>. \u00bb<\/p><p>\u00a0<\/p><\/div><\/div><div class=\"row justify-content-center mb-3 mt-4\"><p><span style=\"font-size: 14pt;\"><strong><span style=\"color: #33cccc;\">Anne-C\u00e9cile FORTIN<\/span> | Chef des ventes chez STERNE City Nanterre<\/strong><\/span><\/p><h4 class=\"col-12 col-md-10 col-lg-8\">\u00ab Dans le transport, il faut \u00eatre tr\u00e8s r\u00e9actif face aux demandes des clients \u00bb<\/h4><p><img decoding=\"async\" class=\"emoji\" role=\"img\" draggable=\"false\" src=\"https:\/\/s.w.org\/images\/core\/emoji\/13.1.0\/svg\/1f4ac.svg\" alt=\"\ud83d\udcac\" width=\"9\" height=\"9\" \/> Quand elle commence \u00e0 travailler au sein du service ADV ( Administration des Ventes) de NOVEA \u00e0 Nanterre, Anne-C\u00e9cile FORTIN avait d\u00e9j\u00e0 en t\u00eate d\u2019\u00e9voluer vers un poste de commercial. Elle l\u2019avait d\u2019ailleurs sp\u00e9cifi\u00e9 lors de son entretien d\u2019embauche : \u00ab<em> Assez vite, on m\u2019a permis d\u2019aller sur le terrain. J\u2019ai assist\u00e9 \u00e0 des rendez-vous avec le client, d\u2019abord accompagn\u00e9 par un commercial, puis ensuite toute seule<\/em> \u00bb nous raconte-t-elle. Progressivement, son statut \u00e9volue. La commercialisation de nouveaux services lui permet de g\u00e9rer son propre portefeuille. De commercial, elle devient en f\u00e9vrier 2016 chef des ventes. L\u2019\u00e9volution de son poste, elle l\u2019explique par son investissement et une vraie volont\u00e9 de r\u00e9ussir. \u00ab <em>Nous sommes dans un secteur ultra concurrentiel, il faut toujours se d\u00e9marquer et \u00eatre \u00e0 l\u2019\u00e9coute des besoins de nos clients pour trouver la meilleure solution.<\/em> \u00bb Ce qui lui plait par-dessous tout, c\u2019est la diversit\u00e9 des secteurs d\u2019activit\u00e9 auxquels elle s\u2019adresse : \u00ab C<em>e n\u2019est jamais la m\u00eame chose. Mes interlocuteurs travaillent dans la presse, le luxe, l\u2019industrie ou encore la Banque. Les probl\u00e9matiques sont diff\u00e9rentes et je dois ajuster mon discours en fonction du profil du client en face de moi.<\/em> \u00bb Un challenge de taille qu\u2019elle rel\u00e8ve tous les jours depuis maintenant 10 ans. Ayant auparavant occup\u00e9 des postes d\u2019assistante technico-commercial dans l\u2019a\u00e9ronautique et l\u2019industrie, Anne-C\u00e9cile FORTIN n\u2019avait aucun apriori sur le milieu du transport mais elle tire quelques constats : \u00ab <em>Nos interlocuteurs restent majoritairement masculins. Il faut savoir s\u2019imposer, \u00eatre s\u00fbre de soi. La place de la femme m\u00e9riterait d\u2019\u00eatre encore plus d\u00e9velopp\u00e9e.<\/em> \u00bb Elle les encourage d\u2019ailleurs \u00e0 postuler : \u00ab <em>Le transport est un secteur riche, tr\u00e8s dynamique, il faut y aller !<\/em> \u00bb conclut-elle.<\/p><p>\u00a0<\/p><\/div><div class=\"row justify-content-center mb-3 mt-4\"><div class=\"col-12 col-md-10 col-lg-8\"><p><span style=\"font-size: 14pt;\"><span style=\"color: #33cccc;\"><strong>Marion RENOULT <span style=\"color: #333333;\">| <\/span><\/strong><\/span><strong>Directrice Exploitation \/ STERNE Regular Rouen<\/strong><\/span><\/p><h4>\u00ab Je vois beaucoup d\u2019avantages \u00e0 \u00eatre une femme dans le transport \u00bb<\/h4><p><img decoding=\"async\" class=\"emoji\" role=\"img\" draggable=\"false\" src=\"https:\/\/s.w.org\/images\/core\/emoji\/13.1.0\/svg\/1f4ac.svg\" alt=\"\ud83d\udcac\" width=\"9\" height=\"9\" \/> Le transport, c\u2019est parfois une affaire de famille ! Avec un p\u00e8re dans le transport, Marion RENOULT a tout de suite baign\u00e9 dans le milieu. Etudiante \u00e0 l\u2019IAE de Caen en DESS Gestion des op\u00e9rations et Management puis en Ressources Humaines, Marion d\u00e9bute une alternance \u00e0 l\u2019agence de Caen en septembre 2002, en tant qu\u2019assistante qualit\u00e9. Apr\u00e8s 2 ans \u00bd, elle est embauch\u00e9e. Tr\u00e8s vite, l\u2019agence de Rouen la sollicite pour du suivi qualit\u00e9. Quand un poste de responsable d\u2019exploitation se lib\u00e8re, Marion RENOULT saute sur l\u2019occasion et postule. En 2006, elle devient Directrice d\u2019Exploitation de l\u2019agence de Rouen. \u00ab <em>TCS m\u2019a permis d\u2019\u00e9voluer. Aujourd\u2019hui, j\u2019ai sous ma responsabilit\u00e9, 3 exploitants, une quinzaine de salari\u00e9s chauffeurs et agents de tri et 25 prestataires de transport.<\/em> \u00bb L\u2019agence b\u00e9n\u00e9ficie du dynamisme de la ville de Rouen, devenue capitale r\u00e9gionale\u00a0 et de la proximit\u00e9 du port du Havre. Avec 50 tourn\u00e9es quotidiennes, l\u2019agence centralise aujourd\u2019hui les salles de tri pour la Caisse d\u2019\u00e9pargne, le LCL et derni\u00e8rement le Cr\u00e9dit du Nord. Tous les jours,<\/p><figure id=\"attachment_2185\" class=\"wp-caption alignleft\" style=\"width: 456px;\" aria-describedby=\"caption-attachment-2185\"><figcaption id=\"caption-attachment-2185\" class=\"wp-caption-text\"><em> <img decoding=\"async\" class=\"alignnone  wp-image-6363\" src=\"https:\/\/www.groupe-sterne.com\/wp-content\/uploads\/2022\/04\/Marion-RENOUTLT-et-son-equipe-1-1-e1583612487151-300x195.jpg\" alt=\"femmestransport\" width=\"456\" height=\"297\" srcset=\"https:\/\/www.groupe-sterne.com\/wp-content\/uploads\/2022\/04\/Marion-RENOUTLT-et-son-equipe-1-1-e1583612487151-300x195.jpg 300w, https:\/\/www.groupe-sterne.com\/wp-content\/uploads\/2022\/04\/Marion-RENOUTLT-et-son-equipe-1-1-e1583612487151-768x499.jpg 768w, https:\/\/www.groupe-sterne.com\/wp-content\/uploads\/2022\/04\/Marion-RENOUTLT-et-son-equipe-1-1-e1583612487151.jpg 800w\" sizes=\"(max-width: 456px) 100vw, 456px\" \/>Marion RENOULT et une partie de son \u00e9quipe<br \/><br \/><\/em><\/figcaption><\/figure><p>Marion s\u2019assure que tout fonctionne dans le respect du budget et du cahier des charges des clients. Engag\u00e9e et prenant tout \u00e0 bras le corps, elle choisit d\u2019adopter un management de proximit\u00e9 pour faire \u00e9voluer ses \u00e9quipes, et am\u00e9liorer ensemble les process \u00ab <i>Ce qui me plait, c\u2019est que les relations humaines sont au c\u0153ur de mon m\u00e9tier. L\u2019empathie est essentielle et je pense que c\u2019est un des atouts des femmes dans le transport. Il faut certes se faire enten<\/i><i>dre mais nous sommes moins dans le conflit.<\/i> \u00bb \u00c0 TCS Rouen, la mixit\u00e9 existe. La premi\u00e8re exploitante \u00e9tait d\u2019ailleurs une femme. \u00ab <em>Pour r\u00e9ussir dans le transport, il faut savoir s\u2019invertir et \u00eatre disponible quand la situation l\u2019exige, car on est parfois sollicit\u00e9 la nuit et le week-end. Bref, il faut savoir concilier exigences professionnelles et vie familiale. <\/em> \u00bb Depuis ses d\u00e9buts, Marion RENOULT constate une vraie transformation dans le milieu : \u00ab J<em>e rencontre de plus en plus de femmes managers dans les services logistiques et chez nos clients. C\u2019est une bonne chose. D\u2019ailleurs, notre filiale recherche actuellement 2 nouveaux Directeurs de Secteur. Avis aux candidatures f\u00e9minines !<\/em> \u00bb conclut-elle avec le sourire.<\/p><\/div><\/div><div class=\"row justify-content-center mb-3 mt-4\"><div class=\"col-12 col-md-10 col-lg-8\"><p><span style=\"color: #33cccc;\"><strong>\u00a0<\/strong><\/span><\/p><p><span style=\"font-size: 14pt;\"><span style=\"color: #33cccc;\"><strong>Isabel BOURDELIER <\/strong><span style=\"color: #333333;\">| <\/span><\/span><strong>Responsable Service Client \/ STERNE Express<br \/><\/strong><\/span><\/p><h4>\u00ab Tout est une question d\u2019implication et de passion pour son m\u00e9tier \u00bb<\/h4><p><img decoding=\"async\" class=\"emoji\" role=\"img\" draggable=\"false\" src=\"https:\/\/s.w.org\/images\/core\/emoji\/13.1.0\/svg\/1f4ac.svg\" alt=\"\ud83d\udcac\" width=\"9\" height=\"9\" \/> Forte d\u2019une exp\u00e9rience dans le transport a\u00e9rien, Isabel BOURDELIER prend ses fonctions d\u2019adjointe Responsable exploitation chez NOVEA en mars 2011. Son poste \u00e9volue \u00e0 mesure que ses comp\u00e9tences s\u2019affutent. Promue en mars 2016, elle devient Responsable Service Client sur le site de Chilly Mazarin, qui g\u00e8re toutes les demandes messagerie de NOVEA. \u00ab <em>Les journ\u00e9es sont tr\u00e8s denses. De 8h \u00e0 19h, nous travaillons au rythme des appels et des mails de nos clients. On leur organise des transports, on les renseigne sur les exp\u00e9ditions, on \u00e9tablit des devis. C\u2019est un m\u00e9tier multi-casquettes o\u00f9 il faut \u00eatre capable de g\u00e9rer plusieurs choses en m\u00eame temps<\/em>. \u00bb Son manager Philippe SOVY raconte : \u00ab\u00a0L<em>e client ressent tout de suite l\u2019implication et le bon \u00e9tat d\u2019esprit d\u2019une \u00e9quipe. La r\u00e9ussite d\u2019Isabel s\u2019explique par son engagement au sein du service et son professionnalisme face aux clients.<\/em> \u00bb \u00c0 l\u2019heure du tout, tout de suite, la r\u00e9activit\u00e9 est la r\u00e8gle num\u00e9ro 1. \u00ab D<em>\u00e8s qu\u2019une demande nous est adress\u00e9e, il faut une r\u00e9ponse rapide<\/em> \u00bb, explique Isabel. Avec ses collaboratrices, Sandy GUERITEAU et Aurore LEBLOND, toutes deux op\u00e9ratrices logistiques, l\u2019\u00e9quipe NOVEA de Chilly Mazarin est essentiellement f\u00e9minine. \u00ab<em> Je ne me sens pas du tout minoritaire en tant que femme. Au contraire, sur le site de Chilly Mazarin, nous sommes m\u00eame tr\u00e8s bien repr\u00e9sent\u00e9es !<\/em> \u00bb nous confie t-elle avec enthousiasme.<\/p><figure id=\"attachment_2172\" class=\"wp-caption aligncenter\" style=\"width: 556px;\" aria-describedby=\"caption-attachment-2172\"><figcaption id=\"caption-attachment-2172\" class=\"wp-caption-text\"><em>\u00a0 \u00a0 \u00a0 \u00a0 \u00a0 <br \/><\/em><\/figcaption><\/figure><\/div><\/div><div class=\"row justify-content-center mb-3 mt-4\"><div class=\"col-12 col-md-10 col-lg-8\"><p><span style=\"font-size: 14pt;\"><span style=\"color: #33cccc;\"><strong>Isabelle F. <\/strong><span style=\"color: #333333;\">| <\/span><\/span><strong>Chauffeur VL\/ STERNE Care <br \/><\/strong><\/span><\/p><h4>\u00ab Il faut se donner les moyens d\u2019y arriver, quel que soit le m\u00e9tier \u00bb<\/h4><p><img decoding=\"async\" class=\"emoji\" role=\"img\" draggable=\"false\" src=\"https:\/\/s.w.org\/images\/core\/emoji\/13.1.0\/svg\/1f4ac.svg\" alt=\"\ud83d\udcac\" width=\"9\" height=\"9\" \/> Isabelle F. a son franc parler. Et dans son m\u00e9tier, ce trait de caract\u00e8re est une qualit\u00e9 que certains clients appr\u00e9cient. Ainsi, un laboratoire d\u2019analyse devenu client d\u2019ATS Sant\u00e9, demande \u00e0 garder Isabelle comme chauffeur. Cela fait maintenant 5 ans et demi qu\u2019elle assure les tourn\u00e9es de ce laboratoire de Clermont Ferrand. Tous les matins, elle r\u00e9cup\u00e8re les pr\u00e9l\u00e8vements chez les infirmiers, les ADAPEI et EHPAD pour les acheminer sur le centre de pr\u00e9l\u00e8vement de Billom. Elle rejoint ensuite le plateau technique o\u00f9 sont effectu\u00e9es les analyses. L\u2019apr\u00e8s-midi, elle effectue la tourn\u00e9e des CPA (centre de pr\u00e9l\u00e8vements) pour collecter les pr\u00e9l\u00e8vements et les ramener dans des caissons \u00e0 temp\u00e9ratures dirig\u00e9es sur le plateau technique. \u00ab <em>Ce qui me booste, c\u2019est l\u2019utilit\u00e9 de mon travail. C\u2019est un vrai service rendu pour toutes les personnes \u00e2g\u00e9es ou excentr\u00e9es \u00e0 la campagne qui ne peuvent se d\u00e9placer. M\u00eame si je ne suis pas en contact direct, j\u2019ai la reconnaissance du personnel m\u00e9dical.<\/em> \u00bb Isabelle a commenc\u00e9 dans le transport il y 9 ans \u00ab J<em>\u2019ai d\u00e9couvert le m\u00e9tier petit \u00e0 petit, sur des trajets Clermont\/Aurillac. Je n\u2019ai pas de formation sp\u00e9cifique mais j\u2019ai toujours pens\u00e9 que, quand on veut, on peut !<\/em> \u00bb Sur Clermont-Ferrand, sur 6 chauffeurs, 2 sont des femmes. \u00ab <em>Le fait d\u2019\u00eatre une femme n\u2019est pas du tout un probl\u00e8me ! Nos coll\u00e8gues masculins ont m\u00eame un regard bienveillant. Avec ma coll\u00e8gue, nous sommes sur un transport urgent, avec des contraintes de timing. Le relationnel fait partie de notre travail avec des contacts directs avec les clients et le service exploitation de l\u2019agence de Saint Priest.<\/em> \u00bb Avec ses 12 points sur son permis de conduire, Isabelle F. pourrait se targuer d\u2019\u00eatre une bonne conductrice. \u00ab <em>J\u2019aime la route, choisir les meilleurs itin\u00e9raires. Je me sens libre et c\u2019est ce qu\u2019il me plait.<\/em> \u00bb Quand on lui demande si elle a une pr\u00e9f\u00e9rence dans l\u2019appellation de son m\u00e9tier, elle plaisante : \u00ab <em>Chauffeur, avec ou sans e, c\u2019est comme le souhaitez mais attention \u00e0 celui qui me dit chauffeuse !<\/em> \u00bb Message re\u00e7u.<\/p><p>\u00a0<\/p><\/div><\/div><div class=\"row justify-content-center mb-3 mt-4\"><div class=\"col-12 col-md-10 col-lg-8\"><h4><span style=\"font-size: 14pt;\"><span style=\"color: #33cccc;\"><strong>Laur\u00e8ne JUE <span style=\"color: #333333;\">|<\/span> <\/strong><\/span><strong>Responsable Exploitation \/ STERNE Care <br \/><\/strong><\/span><br \/>\u00ab Mon exp\u00e9rience de 8 ans dans l\u2019affr\u00e8tement m\u2019a permis d\u2019acqu\u00e9rir une l\u00e9gitimit\u00e9 aupr\u00e8s de mon \u00e9quipe \u00bb<\/h4><p><img decoding=\"async\" class=\"emoji\" role=\"img\" draggable=\"false\" src=\"https:\/\/s.w.org\/images\/core\/emoji\/13.1.0\/svg\/1f4ac.svg\" alt=\"\ud83d\udcac\" width=\"9\" height=\"9\" \/> C\u2019est par une mission int\u00e9rim que Laur\u00e8ne JUE entre en 2010 \u00e0 l\u2019agence ATS de ST-GEOURS-DE-MAREMNE au service exploitation. Elle est alors en charge de la saisie et du suivi des courses. 3 mois plus tard, Laur\u00e8ne est embauch\u00e9e au poste d\u2019affr\u00e9teur. Un m\u00e9tier qu\u2019elle connait bien pour l\u2019avoir exerc\u00e9 durant 5 ans au sein d\u2019un groupe de transport a\u00e9rien \u00e0 Toulouse. \u00ab <em>Tr\u00e8s vite, j\u2019ai voulu travailler dans le transport car la routine n\u2019existe pas, et encore moins dans le transport urgent ! <\/em>\u00bb Dans ses nouvelles fonctions, Laur\u00e8ne JUE s\u2019occupe de la vente et de l\u2019organisation des transports, en lien avec les chauffeurs et les partenaires transporteurs. Pendant 8 ans, Laur\u00e8ne acquiert un v\u00e9ritable savoir-faire technique et une solide connaissance du portefeuille clients de son agence. Investie et efficace, sa Direction lui confie en 2018, le poste de Responsable exploitation d\u2019 un service de 10 personnes. \u00ab <em>Je pense avoir prouv\u00e9 que j\u2019avais les \u00e9paules pour ce poste et que l\u2019\u00e9quipe pouvait compter sur moi. Aujourd\u2019hui, ma priorit\u00e9, c\u2019est leur bien-\u00eatre.<\/em> \u00bb D\u2019un naturel optimiste, Laur\u00e8ne a vite pris la mesure de ses nouvelles responsabilit\u00e9s. En bin\u00f4me avec son Directeur d\u2019agence,\u00a0 Laur\u00e8ne JUE s\u2019assure que les clients soient satisfaits et que son \u00e9quipe ait les moyens n\u00e9cessaires pour r\u00e9pondre \u00e0 toutes les demandes. Quand on l\u2019interroge sur la place de la femme dans le transport, Laur\u00e8ne r\u00e9pond : \u00ab J<em>\u2019avais quelques a priori sur le transport routier avec le clich\u00e9 du conducteur. Chez ATS sp\u00e9cialiste du transport urgent, nous ne sommes pas confront\u00e9s \u00e0 cela car nous restons sur une niche. C\u2019est tr\u00e8s diff\u00e9rent.<\/em> <em>Pour moi, le fait d\u2019\u00eatre une femme ne change rien mais il est vrai que parfois, cela peut adoucir les \u00e9changes avec certains clients.<\/em> \u00bb Dans un m\u00e9tier qui n\u00e9cessite une grande disponibilit\u00e9, Laur\u00e8ne tient \u00e0 souligner l\u2019importance du service de nuit. \u00ab <em>L\u2019organisation d\u2019ATS permet d\u2019assurer un service de qualit\u00e9 H24. Le relai est pris la nuit par une \u00e9quipe efficace. C\u2019est une vraie chance pour concilier son travail avec sa vie de famille<\/em> \u00bb, nous confie Laur\u00e8ne entre deux appels t\u00e9l\u00e9phoniques.<\/p><p>\u00a0<\/p><\/div><\/div><div class=\"row justify-content-center mb-3 mt-4\"><div class=\"col-12 col-md-10 col-lg-8\"><p><strong>Leur point commun ? Un regard optimiste sur la place de la femme dans le transport.\u00a0 Le <a href=\"http:\/\/www.optl.fr\/parution\/flipbooks\/2019\/national\/mobile\/index.html\">dernier rapport OFTP<\/a> (L\u2019Observatoire Prospectif des emplois et des qualifications dans les Transports et la Logistique) publi\u00e9 en janvier 2020, souligne que la part des femmes dans les entreprises de transport progressent plus rapidement que celui des hommes. En 2018, le secteur comptabilise plus de 142 200 femmes, soit plus de 20% de l\u2019effectif total.Mais force est de constater que nous sommes encore loin de la parit\u00e9. * <\/strong><em>[donn\u00e9es chiffres AFT]<\/em><strong><br \/><\/strong><\/p><\/div><\/div>\t\t\t\t\t\t\t\t<\/div>\n\t\t\t\t<\/div>\n\t\t\t\t\t<\/div>\n\t\t<\/div>\n\t\t\t\t\t<\/div>\n\t\t<\/section>\n\t\t\t\t<section class=\"elementor-section elementor-top-section elementor-element elementor-element-826446a elementor-section-boxed elementor-section-height-default elementor-section-height-default\" data-id=\"826446a\" data-element_type=\"section\" data-e-type=\"section\">\n\t\t\t\t\t\t<div class=\"elementor-container elementor-column-gap-default\">\n\t\t\t\t\t<div class=\"elementor-column elementor-col-66 elementor-top-column elementor-element elementor-element-2a1fcc0\" data-id=\"2a1fcc0\" data-element_type=\"column\" data-e-type=\"column\">\n\t\t\t<div class=\"elementor-widget-wrap elementor-element-populated\">\n\t\t\t\t\t\t<div class=\"elementor-element elementor-element-0bba1be elementor-widget elementor-widget-text-editor\" data-id=\"0bba1be\" data-element_type=\"widget\" data-e-type=\"widget\" data-widget_type=\"text-editor.default\">\n\t\t\t\t<div class=\"elementor-widget-container\">\n\t\t\t\t\t\t\t\t\t<p><span style=\"color: #ffffff;\">\u00ab&nbsp;<em>Cela va dans le bon sens. Le secteur se<\/em> f<em>\u00e9minise mais sur certains postes comme les postes de conduite, les femmes se font encore trop rares. Dans le Groupe, sur 126 chauffeurs, 20 seulement sont des femmes <\/em>\u00bb, nous explique Marie-Christine ARGUEIL, DRH du Groupe STERNE. Elle ajoute&nbsp;: \u00ab <em>Cette situation s\u2019explique par le flux des candidatures&nbsp; : Nous recrutons sur les comp\u00e9tences mais la probabilit\u00e9 de recruter un homme est plus grande car nous recevons davantage de candidats que de candidates.<\/em> <em>Dans l\u2019imaginaire collectif, les activit\u00e9s du transport sont souvent \u2013 \u00e0 tort -associ\u00e9es aux hommes. Avant ma prise de poste en ao\u00fbt 2018, j\u2019envisageais moi-m\u00eame que la culture organisationnelle puisse s\u2019articuler autour de cette id\u00e9e&nbsp;: un secteur majoritairement masculin avec une pr\u00e9sence f\u00e9minine relay\u00e9e au second plan. \u00c0 ma grande surprise, j\u2019ai constat\u00e9 que le Groupe \u00e9tait en r\u00e9alit\u00e9 tr\u00e8s ouvert. Sans r\u00e9glementations ni directives particuli\u00e8res, le Groupe pr\u00e9sentait d\u00e9j\u00e0 une grande diversit\u00e9 de profils, et ce \u00e0 tous les niveaux hi\u00e9rarchiques<\/em>. <em>Il est important de faire savoir que nous sommes ouverts \u00e0 la diversit\u00e9 et que nous encourageons la mixit\u00e9. Est-ce que les femmes osent ou connaissent suffisamment nos m\u00e9tiers ? Il le faut car le Groupe STERNE offre de v\u00e9ritables perspectives d\u2019\u00e9volution. J\u2019invite les femmes \u00e0 postuler car nous souhaitons capter tous les talents&nbsp;!<\/em> \u00bb.<em><\/em><\/span><\/p>\t\t\t\t\t\t\t\t<\/div>\n\t\t\t\t<\/div>\n\t\t\t\t\t<\/div>\n\t\t<\/div>\n\t\t\t\t<div class=\"elementor-column elementor-col-33 elementor-top-column elementor-element elementor-element-b4a0568\" data-id=\"b4a0568\" data-element_type=\"column\" data-e-type=\"column\">\n\t\t\t<div class=\"elementor-widget-wrap elementor-element-populated\">\n\t\t\t\t\t\t<div class=\"elementor-element elementor-element-6a06093 elementor-widget elementor-widget-image\" data-id=\"6a06093\" data-element_type=\"widget\" data-e-type=\"widget\" data-widget_type=\"image.default\">\n\t\t\t\t<div class=\"elementor-widget-container\">\n\t\t\t\t\t\t\t\t\t\t\t\t<figure class=\"wp-caption\">\n\t\t\t\t\t\t\t\t\t\t<img loading=\"lazy\" decoding=\"async\" width=\"159\" height=\"124\" src=\"https:\/\/www.groupe-sterne.com\/wp-content\/uploads\/2020\/03\/MCA-photo.png\" class=\"attachment-large size-large wp-image-7510\" alt=\"\" \/>\t\t\t\t\t\t\t\t\t\t\t<figcaption class=\"widget-image-caption wp-caption-text\">Marie-Christine ARGUEIL -  Global HR Manager <\/figcaption>\n\t\t\t\t\t\t\t\t\t\t<\/figure>\n\t\t\t\t\t\t\t\t\t<\/div>\n\t\t\t\t<\/div>\n\t\t\t\t\t<\/div>\n\t\t<\/div>\n\t\t\t\t\t<\/div>\n\t\t<\/section>\n\t\t\t\t<\/div>\n\t\t","protected":false},"excerpt":{"rendered":"<p>\u00c0 l\u2019occasion du 8 mars, journ\u00e9e internationale des droits des femmes, 8 collaboratrices du Groupe ont accept\u00e9 de parler de leur parcours et de leur m\u00e9tier. <\/p>\n","protected":false},"author":4,"featured_media":6363,"comment_status":"closed","ping_status":"closed","sticky":false,"template":"","format":"standard","meta":{"_acf_changed":false,"footnotes":""},"categories":[18],"tags":[157,149,151,154,152,150,147,153,155,148,156],"class_list":["post-6349","post","type-post","status-publish","format-standard","has-post-thumbnail","hentry","category-blog","tag-competences","tag-diversite","tag-diversite-2","tag-droits","tag-egalite","tag-employeur","tag-femme","tag-homme","tag-marque","tag-mixite","tag-recrutement"],"acf":[],"yoast_head":"<!-- This site is optimized with the Yoast SEO Premium plugin v25.3 (Yoast SEO v27.5) - https:\/\/yoast.com\/product\/yoast-seo-premium-wordpress\/ -->\n<title>LA MIXIT\u00c9 AU C\u0152UR DE NOS M\u00c9TIERS &#8226; Groupe STERNE<\/title>\n<meta name=\"description\" content=\"Elles sont chefs des ventes, responsables d\u2019exploitation, chauffeurs ou affr\u00e9teurs\u2026Leur r\u00e9ussite est le r\u00e9sultat de leur \u00e9nergie et leurs comp\u00e9tences dans un secteur du transport encore majoritairement masculin. \u00c0 l\u2019occasion du 8 mars, journ\u00e9e internationale des droits des femmes, 8 collaboratrices du Groupe ont accept\u00e9 de parler de leur parcours et de leur m\u00e9tier.\" \/>\n<meta name=\"robots\" content=\"index, follow, max-snippet:-1, max-image-preview:large, max-video-preview:-1\" \/>\n<link rel=\"canonical\" href=\"https:\/\/www.groupe-sterne.com\/fr\/la-mixite-au-coeur-de-nos-metiers\/\" \/>\n<meta property=\"og:locale\" content=\"fr_FR\" \/>\n<meta property=\"og:type\" content=\"article\" \/>\n<meta property=\"og:title\" content=\"LA MIXIT\u00c9 AU C\u0152UR DE NOS M\u00c9TIERS\" \/>\n<meta property=\"og:description\" content=\"Elles sont chefs des ventes, responsables d\u2019exploitation, chauffeurs ou affr\u00e9teurs\u2026Leur r\u00e9ussite est le r\u00e9sultat de leur \u00e9nergie et leurs comp\u00e9tences dans un secteur du transport encore majoritairement masculin. \u00c0 l\u2019occasion du 8 mars, journ\u00e9e internationale des droits des femmes, 8 collaboratrices du Groupe ont accept\u00e9 de parler de leur parcours et de leur m\u00e9tier.\" \/>\n<meta property=\"og:url\" content=\"https:\/\/www.groupe-sterne.com\/fr\/la-mixite-au-coeur-de-nos-metiers\/\" \/>\n<meta property=\"og:site_name\" content=\"Groupe STERNE\" \/>\n<meta property=\"article:published_time\" content=\"2020-03-08T17:56:00+00:00\" \/>\n<meta property=\"article:modified_time\" content=\"2022-08-31T08:17:14+00:00\" \/>\n<meta property=\"og:image\" content=\"https:\/\/www.groupe-sterne.com\/wp-content\/uploads\/2022\/04\/Marion-RENOUTLT-et-son-equipe-1-1-e1583612487151.jpg\" \/>\n\t<meta property=\"og:image:width\" content=\"800\" \/>\n\t<meta property=\"og:image:height\" content=\"520\" \/>\n\t<meta property=\"og:image:type\" content=\"image\/jpeg\" \/>\n<meta name=\"author\" content=\"Virginie Longobardi\" \/>\n<meta name=\"twitter:card\" content=\"summary_large_image\" \/>\n<meta name=\"twitter:label1\" content=\"\u00c9crit par\" \/>\n\t<meta name=\"twitter:data1\" content=\"Virginie Longobardi\" \/>\n\t<meta name=\"twitter:label2\" content=\"Dur\u00e9e de lecture estim\u00e9e\" \/>\n\t<meta name=\"twitter:data2\" content=\"18 minutes\" \/>\n<script type=\"application\/ld+json\" class=\"yoast-schema-graph\">{\"@context\":\"https:\\\/\\\/schema.org\",\"@graph\":[{\"@type\":\"Article\",\"@id\":\"https:\\\/\\\/www.groupe-sterne.com\\\/fr\\\/la-mixite-au-coeur-de-nos-metiers\\\/#article\",\"isPartOf\":{\"@id\":\"https:\\\/\\\/www.groupe-sterne.com\\\/fr\\\/la-mixite-au-coeur-de-nos-metiers\\\/\"},\"author\":{\"name\":\"Virginie Longobardi\",\"@id\":\"https:\\\/\\\/groupe-sterne.com\\\/fr\\\/#\\\/schema\\\/person\\\/491edd3c391344e5e86d0c242ff7c198\"},\"headline\":\"LA MIXIT\u00c9 AU C\u0152UR DE NOS M\u00c9TIERS\",\"datePublished\":\"2020-03-08T17:56:00+00:00\",\"dateModified\":\"2022-08-31T08:17:14+00:00\",\"mainEntityOfPage\":{\"@id\":\"https:\\\/\\\/www.groupe-sterne.com\\\/fr\\\/la-mixite-au-coeur-de-nos-metiers\\\/\"},\"wordCount\":3321,\"publisher\":{\"@id\":\"https:\\\/\\\/groupe-sterne.com\\\/fr\\\/#organization\"},\"image\":{\"@id\":\"https:\\\/\\\/www.groupe-sterne.com\\\/fr\\\/la-mixite-au-coeur-de-nos-metiers\\\/#primaryimage\"},\"thumbnailUrl\":\"https:\\\/\\\/www.groupe-sterne.com\\\/wp-content\\\/uploads\\\/2022\\\/04\\\/Marion-RENOUTLT-et-son-equipe-1-1-e1583612487151.jpg\",\"keywords\":[\"comp\u00e9tences\",\"DIVERSITE\",\"diversit\u00e9\",\"droits\",\"egalit\u00e9\",\"EMPLOYEUR\",\"FEMME\",\"homme\",\"marque\",\"MIXITE\",\"recrutement\"],\"articleSection\":[\"blog\"],\"inLanguage\":\"fr-FR\"},{\"@type\":\"WebPage\",\"@id\":\"https:\\\/\\\/www.groupe-sterne.com\\\/fr\\\/la-mixite-au-coeur-de-nos-metiers\\\/\",\"url\":\"https:\\\/\\\/www.groupe-sterne.com\\\/fr\\\/la-mixite-au-coeur-de-nos-metiers\\\/\",\"name\":\"LA MIXIT\u00c9 AU C\u0152UR DE NOS M\u00c9TIERS &#8226; Groupe STERNE\",\"isPartOf\":{\"@id\":\"https:\\\/\\\/groupe-sterne.com\\\/fr\\\/#website\"},\"primaryImageOfPage\":{\"@id\":\"https:\\\/\\\/www.groupe-sterne.com\\\/fr\\\/la-mixite-au-coeur-de-nos-metiers\\\/#primaryimage\"},\"image\":{\"@id\":\"https:\\\/\\\/www.groupe-sterne.com\\\/fr\\\/la-mixite-au-coeur-de-nos-metiers\\\/#primaryimage\"},\"thumbnailUrl\":\"https:\\\/\\\/www.groupe-sterne.com\\\/wp-content\\\/uploads\\\/2022\\\/04\\\/Marion-RENOUTLT-et-son-equipe-1-1-e1583612487151.jpg\",\"datePublished\":\"2020-03-08T17:56:00+00:00\",\"dateModified\":\"2022-08-31T08:17:14+00:00\",\"description\":\"Elles sont chefs des ventes, responsables d\u2019exploitation, chauffeurs ou affr\u00e9teurs\u2026Leur r\u00e9ussite est le r\u00e9sultat de leur \u00e9nergie et leurs comp\u00e9tences dans un secteur du transport encore majoritairement masculin. \u00c0 l\u2019occasion du 8 mars, journ\u00e9e internationale des droits des femmes, 8 collaboratrices du Groupe ont accept\u00e9 de parler de leur parcours et de leur m\u00e9tier.\",\"breadcrumb\":{\"@id\":\"https:\\\/\\\/www.groupe-sterne.com\\\/fr\\\/la-mixite-au-coeur-de-nos-metiers\\\/#breadcrumb\"},\"inLanguage\":\"fr-FR\",\"potentialAction\":[{\"@type\":\"ReadAction\",\"target\":[\"https:\\\/\\\/www.groupe-sterne.com\\\/fr\\\/la-mixite-au-coeur-de-nos-metiers\\\/\"]}]},{\"@type\":\"ImageObject\",\"inLanguage\":\"fr-FR\",\"@id\":\"https:\\\/\\\/www.groupe-sterne.com\\\/fr\\\/la-mixite-au-coeur-de-nos-metiers\\\/#primaryimage\",\"url\":\"https:\\\/\\\/www.groupe-sterne.com\\\/wp-content\\\/uploads\\\/2022\\\/04\\\/Marion-RENOUTLT-et-son-equipe-1-1-e1583612487151.jpg\",\"contentUrl\":\"https:\\\/\\\/www.groupe-sterne.com\\\/wp-content\\\/uploads\\\/2022\\\/04\\\/Marion-RENOUTLT-et-son-equipe-1-1-e1583612487151.jpg\",\"width\":800,\"height\":520,\"caption\":\"femmestransport\"},{\"@type\":\"BreadcrumbList\",\"@id\":\"https:\\\/\\\/www.groupe-sterne.com\\\/fr\\\/la-mixite-au-coeur-de-nos-metiers\\\/#breadcrumb\",\"itemListElement\":[{\"@type\":\"ListItem\",\"position\":1,\"name\":\"Accueil\",\"item\":\"https:\\\/\\\/www.groupe-sterne.com\\\/fr\\\/\"},{\"@type\":\"ListItem\",\"position\":2,\"name\":\"LA MIXIT\u00c9 AU C\u0152UR DE NOS M\u00c9TIERS\"}]},{\"@type\":\"WebSite\",\"@id\":\"https:\\\/\\\/groupe-sterne.com\\\/fr\\\/#website\",\"url\":\"https:\\\/\\\/groupe-sterne.com\\\/fr\\\/\",\"name\":\"Groupe STERNE\",\"description\":\"Votre sp\u00e9cialiste Premium Freight\",\"publisher\":{\"@id\":\"https:\\\/\\\/groupe-sterne.com\\\/fr\\\/#organization\"},\"potentialAction\":[{\"@type\":\"SearchAction\",\"target\":{\"@type\":\"EntryPoint\",\"urlTemplate\":\"https:\\\/\\\/groupe-sterne.com\\\/fr\\\/?s={search_term_string}\"},\"query-input\":{\"@type\":\"PropertyValueSpecification\",\"valueRequired\":true,\"valueName\":\"search_term_string\"}}],\"inLanguage\":\"fr-FR\"},{\"@type\":\"Organization\",\"@id\":\"https:\\\/\\\/groupe-sterne.com\\\/fr\\\/#organization\",\"name\":\"Groupe STERNE\",\"url\":\"https:\\\/\\\/groupe-sterne.com\\\/fr\\\/\",\"logo\":{\"@type\":\"ImageObject\",\"inLanguage\":\"fr-FR\",\"@id\":\"https:\\\/\\\/groupe-sterne.com\\\/fr\\\/#\\\/schema\\\/logo\\\/image\\\/\",\"url\":\"https:\\\/\\\/groupe-sterne.com\\\/wp-content\\\/uploads\\\/2022\\\/02\\\/logo_sterne.png\",\"contentUrl\":\"https:\\\/\\\/groupe-sterne.com\\\/wp-content\\\/uploads\\\/2022\\\/02\\\/logo_sterne.png\",\"width\":442,\"height\":116,\"caption\":\"Groupe STERNE\"},\"image\":{\"@id\":\"https:\\\/\\\/groupe-sterne.com\\\/fr\\\/#\\\/schema\\\/logo\\\/image\\\/\"}},{\"@type\":\"Person\",\"@id\":\"https:\\\/\\\/groupe-sterne.com\\\/fr\\\/#\\\/schema\\\/person\\\/491edd3c391344e5e86d0c242ff7c198\",\"name\":\"Virginie Longobardi\",\"url\":\"https:\\\/\\\/www.groupe-sterne.com\\\/fr\\\/author\\\/vlongobardigroupe-sterne-com\\\/\"}]}<\/script>\n<!-- \/ Yoast SEO Premium plugin. -->","yoast_head_json":{"title":"LA MIXIT\u00c9 AU C\u0152UR DE NOS M\u00c9TIERS &#8226; Groupe STERNE","description":"Elles sont chefs des ventes, responsables d\u2019exploitation, chauffeurs ou affr\u00e9teurs\u2026Leur r\u00e9ussite est le r\u00e9sultat de leur \u00e9nergie et leurs comp\u00e9tences dans un secteur du transport encore majoritairement masculin. \u00c0 l\u2019occasion du 8 mars, journ\u00e9e internationale des droits des femmes, 8 collaboratrices du Groupe ont accept\u00e9 de parler de leur parcours et de leur m\u00e9tier.","robots":{"index":"index","follow":"follow","max-snippet":"max-snippet:-1","max-image-preview":"max-image-preview:large","max-video-preview":"max-video-preview:-1"},"canonical":"https:\/\/www.groupe-sterne.com\/fr\/la-mixite-au-coeur-de-nos-metiers\/","og_locale":"fr_FR","og_type":"article","og_title":"LA MIXIT\u00c9 AU C\u0152UR DE NOS M\u00c9TIERS","og_description":"Elles sont chefs des ventes, responsables d\u2019exploitation, chauffeurs ou affr\u00e9teurs\u2026Leur r\u00e9ussite est le r\u00e9sultat de leur \u00e9nergie et leurs comp\u00e9tences dans un secteur du transport encore majoritairement masculin. \u00c0 l\u2019occasion du 8 mars, journ\u00e9e internationale des droits des femmes, 8 collaboratrices du Groupe ont accept\u00e9 de parler de leur parcours et de leur m\u00e9tier.","og_url":"https:\/\/www.groupe-sterne.com\/fr\/la-mixite-au-coeur-de-nos-metiers\/","og_site_name":"Groupe STERNE","article_published_time":"2020-03-08T17:56:00+00:00","article_modified_time":"2022-08-31T08:17:14+00:00","og_image":[{"width":800,"height":520,"url":"https:\/\/www.groupe-sterne.com\/wp-content\/uploads\/2022\/04\/Marion-RENOUTLT-et-son-equipe-1-1-e1583612487151.jpg","type":"image\/jpeg"}],"author":"Virginie Longobardi","twitter_card":"summary_large_image","twitter_misc":{"\u00c9crit par":"Virginie Longobardi","Dur\u00e9e de lecture estim\u00e9e":"18 minutes"},"schema":{"@context":"https:\/\/schema.org","@graph":[{"@type":"Article","@id":"https:\/\/www.groupe-sterne.com\/fr\/la-mixite-au-coeur-de-nos-metiers\/#article","isPartOf":{"@id":"https:\/\/www.groupe-sterne.com\/fr\/la-mixite-au-coeur-de-nos-metiers\/"},"author":{"name":"Virginie Longobardi","@id":"https:\/\/groupe-sterne.com\/fr\/#\/schema\/person\/491edd3c391344e5e86d0c242ff7c198"},"headline":"LA MIXIT\u00c9 AU C\u0152UR DE NOS M\u00c9TIERS","datePublished":"2020-03-08T17:56:00+00:00","dateModified":"2022-08-31T08:17:14+00:00","mainEntityOfPage":{"@id":"https:\/\/www.groupe-sterne.com\/fr\/la-mixite-au-coeur-de-nos-metiers\/"},"wordCount":3321,"publisher":{"@id":"https:\/\/groupe-sterne.com\/fr\/#organization"},"image":{"@id":"https:\/\/www.groupe-sterne.com\/fr\/la-mixite-au-coeur-de-nos-metiers\/#primaryimage"},"thumbnailUrl":"https:\/\/www.groupe-sterne.com\/wp-content\/uploads\/2022\/04\/Marion-RENOUTLT-et-son-equipe-1-1-e1583612487151.jpg","keywords":["comp\u00e9tences","DIVERSITE","diversit\u00e9","droits","egalit\u00e9","EMPLOYEUR","FEMME","homme","marque","MIXITE","recrutement"],"articleSection":["blog"],"inLanguage":"fr-FR"},{"@type":"WebPage","@id":"https:\/\/www.groupe-sterne.com\/fr\/la-mixite-au-coeur-de-nos-metiers\/","url":"https:\/\/www.groupe-sterne.com\/fr\/la-mixite-au-coeur-de-nos-metiers\/","name":"LA MIXIT\u00c9 AU C\u0152UR DE NOS M\u00c9TIERS &#8226; Groupe STERNE","isPartOf":{"@id":"https:\/\/groupe-sterne.com\/fr\/#website"},"primaryImageOfPage":{"@id":"https:\/\/www.groupe-sterne.com\/fr\/la-mixite-au-coeur-de-nos-metiers\/#primaryimage"},"image":{"@id":"https:\/\/www.groupe-sterne.com\/fr\/la-mixite-au-coeur-de-nos-metiers\/#primaryimage"},"thumbnailUrl":"https:\/\/www.groupe-sterne.com\/wp-content\/uploads\/2022\/04\/Marion-RENOUTLT-et-son-equipe-1-1-e1583612487151.jpg","datePublished":"2020-03-08T17:56:00+00:00","dateModified":"2022-08-31T08:17:14+00:00","description":"Elles sont chefs des ventes, responsables d\u2019exploitation, chauffeurs ou affr\u00e9teurs\u2026Leur r\u00e9ussite est le r\u00e9sultat de leur \u00e9nergie et leurs comp\u00e9tences dans un secteur du transport encore majoritairement masculin. \u00c0 l\u2019occasion du 8 mars, journ\u00e9e internationale des droits des femmes, 8 collaboratrices du Groupe ont accept\u00e9 de parler de leur parcours et de leur m\u00e9tier.","breadcrumb":{"@id":"https:\/\/www.groupe-sterne.com\/fr\/la-mixite-au-coeur-de-nos-metiers\/#breadcrumb"},"inLanguage":"fr-FR","potentialAction":[{"@type":"ReadAction","target":["https:\/\/www.groupe-sterne.com\/fr\/la-mixite-au-coeur-de-nos-metiers\/"]}]},{"@type":"ImageObject","inLanguage":"fr-FR","@id":"https:\/\/www.groupe-sterne.com\/fr\/la-mixite-au-coeur-de-nos-metiers\/#primaryimage","url":"https:\/\/www.groupe-sterne.com\/wp-content\/uploads\/2022\/04\/Marion-RENOUTLT-et-son-equipe-1-1-e1583612487151.jpg","contentUrl":"https:\/\/www.groupe-sterne.com\/wp-content\/uploads\/2022\/04\/Marion-RENOUTLT-et-son-equipe-1-1-e1583612487151.jpg","width":800,"height":520,"caption":"femmestransport"},{"@type":"BreadcrumbList","@id":"https:\/\/www.groupe-sterne.com\/fr\/la-mixite-au-coeur-de-nos-metiers\/#breadcrumb","itemListElement":[{"@type":"ListItem","position":1,"name":"Accueil","item":"https:\/\/www.groupe-sterne.com\/fr\/"},{"@type":"ListItem","position":2,"name":"LA MIXIT\u00c9 AU C\u0152UR DE NOS M\u00c9TIERS"}]},{"@type":"WebSite","@id":"https:\/\/groupe-sterne.com\/fr\/#website","url":"https:\/\/groupe-sterne.com\/fr\/","name":"Groupe STERNE","description":"Votre sp\u00e9cialiste Premium Freight","publisher":{"@id":"https:\/\/groupe-sterne.com\/fr\/#organization"},"potentialAction":[{"@type":"SearchAction","target":{"@type":"EntryPoint","urlTemplate":"https:\/\/groupe-sterne.com\/fr\/?s={search_term_string}"},"query-input":{"@type":"PropertyValueSpecification","valueRequired":true,"valueName":"search_term_string"}}],"inLanguage":"fr-FR"},{"@type":"Organization","@id":"https:\/\/groupe-sterne.com\/fr\/#organization","name":"Groupe STERNE","url":"https:\/\/groupe-sterne.com\/fr\/","logo":{"@type":"ImageObject","inLanguage":"fr-FR","@id":"https:\/\/groupe-sterne.com\/fr\/#\/schema\/logo\/image\/","url":"https:\/\/groupe-sterne.com\/wp-content\/uploads\/2022\/02\/logo_sterne.png","contentUrl":"https:\/\/groupe-sterne.com\/wp-content\/uploads\/2022\/02\/logo_sterne.png","width":442,"height":116,"caption":"Groupe STERNE"},"image":{"@id":"https:\/\/groupe-sterne.com\/fr\/#\/schema\/logo\/image\/"}},{"@type":"Person","@id":"https:\/\/groupe-sterne.com\/fr\/#\/schema\/person\/491edd3c391344e5e86d0c242ff7c198","name":"Virginie Longobardi","url":"https:\/\/www.groupe-sterne.com\/fr\/author\/vlongobardigroupe-sterne-com\/"}]}},"_links":{"self":[{"href":"https:\/\/www.groupe-sterne.com\/fr\/wp-json\/wp\/v2\/posts\/6349","targetHints":{"allow":["GET"]}}],"collection":[{"href":"https:\/\/www.groupe-sterne.com\/fr\/wp-json\/wp\/v2\/posts"}],"about":[{"href":"https:\/\/www.groupe-sterne.com\/fr\/wp-json\/wp\/v2\/types\/post"}],"author":[{"embeddable":true,"href":"https:\/\/www.groupe-sterne.com\/fr\/wp-json\/wp\/v2\/users\/4"}],"replies":[{"embeddable":true,"href":"https:\/\/www.groupe-sterne.com\/fr\/wp-json\/wp\/v2\/comments?post=6349"}],"version-history":[{"count":0,"href":"https:\/\/www.groupe-sterne.com\/fr\/wp-json\/wp\/v2\/posts\/6349\/revisions"}],"wp:featuredmedia":[{"embeddable":true,"href":"https:\/\/www.groupe-sterne.com\/fr\/wp-json\/wp\/v2\/media\/6363"}],"wp:attachment":[{"href":"https:\/\/www.groupe-sterne.com\/fr\/wp-json\/wp\/v2\/media?parent=6349"}],"wp:term":[{"taxonomy":"category","embeddable":true,"href":"https:\/\/www.groupe-sterne.com\/fr\/wp-json\/wp\/v2\/categories?post=6349"},{"taxonomy":"post_tag","embeddable":true,"href":"https:\/\/www.groupe-sterne.com\/fr\/wp-json\/wp\/v2\/tags?post=6349"}],"curies":[{"name":"wp","href":"https:\/\/api.w.org\/{rel}","templated":true}]}}