{"id":6287,"date":"2020-05-12T16:01:00","date_gmt":"2020-05-12T14:01:00","guid":{"rendered":"https:\/\/groupe-sterne.com\/?p=6287"},"modified":"2022-08-30T15:28:13","modified_gmt":"2022-08-30T13:28:13","slug":"infographie-crise-sanitaire-comment-le-secteur-du-transport-a-su-se-reinventer-%ef%bf%bc%ef%bf%bc%ef%bf%bc","status":"publish","type":"post","link":"https:\/\/www.groupe-sterne.com\/fr\/infographie-crise-sanitaire-comment-le-secteur-du-transport-a-su-se-reinventer-%ef%bf%bc%ef%bf%bc%ef%bf%bc\/","title":{"rendered":"[INFOGRAPHIE] CRISE SANITAIRE : COMMENT LE SECTEUR DU TRANSPORT A SU SE R\u00c9INVENTER"},"content":{"rendered":"\t\t<div data-elementor-type=\"wp-post\" data-elementor-id=\"6287\" class=\"elementor elementor-6287\" data-elementor-post-type=\"post\">\n\t\t\t\t\t\t<section class=\"elementor-section elementor-top-section elementor-element elementor-element-71d009b elementor-section-boxed elementor-section-height-default elementor-section-height-default\" data-id=\"71d009b\" data-element_type=\"section\" data-e-type=\"section\">\n\t\t\t\t\t\t<div class=\"elementor-container elementor-column-gap-default\">\n\t\t\t\t\t<div class=\"elementor-column elementor-col-100 elementor-top-column elementor-element elementor-element-d98d137\" data-id=\"d98d137\" data-element_type=\"column\" data-e-type=\"column\">\n\t\t\t<div class=\"elementor-widget-wrap elementor-element-populated\">\n\t\t\t\t\t\t<div class=\"elementor-element elementor-element-a1641df elementor-widget elementor-widget-text-editor\" data-id=\"a1641df\" data-element_type=\"widget\" data-e-type=\"widget\" data-widget_type=\"text-editor.default\">\n\t\t\t\t<div class=\"elementor-widget-container\">\n\t\t\t\t\t\t\t\t\t<div class=\"row justify-content-center mb-3 mt-4\"><div class=\"col-12 col-md-10 col-lg-8\"><p>La crise sanitaire que nous avons travers\u00e9e a boulevers\u00e9 nos feuilles de route. Depuis l\u2019annonce des mesures gouvernementales pour stopper la propagation du covid-19, se r\u00e9inventer et proposer des solutions de transport adapt\u00e9es \u00e0 ce contexte in\u00e9dit, ont rythm\u00e9 le quotidien de tout un secteur.<\/p><p><span id=\"ember7539\" class=\"ember-view\">Comment le Groupe STERNE a r\u00e9organis\u00e9 son offre de <\/span><a id=\"ember7543\" class=\"feed-shared-text-view__hashtag app-aware-link ember-view\" href=\"https:\/\/www.linkedin.com\/feed\/hashtag\/?keywords=transport&amp;highlightedUpdateUrns=urn%3Ali%3Aactivity%3A6671335310238064640\" target=\"_self\"><span id=\"ember7544\" class=\"hashtag-a11y ember-view\" dir=\"ltr\"><\/span><\/a><span id=\"ember7544\" class=\"hashtag-a11y ember-view\" dir=\"ltr\"><span class=\"hashtag-a11y__name\">transport<\/span><\/span><span id=\"ember7547\" class=\"ember-view\"> sur mesure pendant la crise sanitaire ? <\/span><\/p><p><strong><span id=\"ember7547\" class=\"ember-view\">\u00c9l\u00e9ments de r\u00e9ponse en <\/span><a id=\"ember7551\" class=\"feed-shared-text-view__hashtag app-aware-link ember-view\" href=\"https:\/\/www.linkedin.com\/feed\/hashtag\/?keywords=infographie&amp;highlightedUpdateUrns=urn%3Ali%3Aactivity%3A6671335310238064640\" target=\"_self\"><span id=\"ember7552\" class=\"hashtag-a11y ember-view\" dir=\"ltr\"><\/span><\/a><\/strong><span id=\"ember7552\" class=\"hashtag-a11y ember-view\" dir=\"ltr\"><strong><span aria-hidden=\"true\">infographie :\u00a0<\/span><\/strong><\/span><\/p><\/div><\/div>\t\t\t\t\t\t\t\t<\/div>\n\t\t\t\t<\/div>\n\t\t\t\t\t<\/div>\n\t\t<\/div>\n\t\t\t\t\t<\/div>\n\t\t<\/section>\n\t\t\t\t<section class=\"elementor-section elementor-top-section elementor-element elementor-element-c087a98 elementor-section-boxed elementor-section-height-default elementor-section-height-default\" data-id=\"c087a98\" data-element_type=\"section\" data-e-type=\"section\">\n\t\t\t\t\t\t<div class=\"elementor-container elementor-column-gap-default\">\n\t\t\t\t\t<div class=\"elementor-column elementor-col-100 elementor-top-column elementor-element elementor-element-ab19481\" data-id=\"ab19481\" data-element_type=\"column\" data-e-type=\"column\">\n\t\t\t<div class=\"elementor-widget-wrap elementor-element-populated\">\n\t\t\t\t\t\t<div class=\"elementor-element elementor-element-f5cea92 elementor-widget__width-initial elementor-widget elementor-widget-html\" data-id=\"f5cea92\" data-element_type=\"widget\" data-e-type=\"widget\" data-widget_type=\"html.default\">\n\t\t\t\t<div class=\"elementor-widget-container\">\n\t\t\t\t\t<div class=\"infogram-embed\" data-id=\"515bd03f-199b-4823-9167-42a54e9da37c\" data-type=\"interactive\" data-title=\"Infographic Modern\"><\/div><script>!function(e,i,n,s){var t=\"InfogramEmbeds\",d=e.getElementsByTagName(\"script\")[0];if(window[t]&&window[t].initialized)window[t].process&&window[t].process();else if(!e.getElementById(n)){var o=e.createElement(\"script\");o.async=1,o.id=n,o.src=\"https:\/\/e.infogram.com\/js\/dist\/embed-loader-min.js\",d.parentNode.insertBefore(o,d)}}(document,0,\"infogram-async\");<\/script><div style=\"padding:8px 0;font-family:Arial!important;font-size:13px!important;line-height:15px!important;text-align:center;border-top:1px solid #dadada;margin:0 30px\"><a href=\"https:\/\/infogram.com\/515bd03f-199b-4823-9167-42a54e9da37c\" style=\"color:#989898!important;text-decoration:none!important;\" target=\"_blank\">Infographic Modern<\/a><br><a href=\"https:\/\/infogram.com\" style=\"color:#989898!important;text-decoration:none!important;\" target=\"_blank\" rel=\"nofollow\">Infogram<\/a><\/div>\t\t\t\t<\/div>\n\t\t\t\t<\/div>\n\t\t\t\t\t<\/div>\n\t\t<\/div>\n\t\t\t\t\t<\/div>\n\t\t<\/section>\n\t\t\t\t<\/div>\n\t\t","protected":false},"excerpt":{"rendered":"<p>Depuis l\u2019annonce des mesures gouvernementales pour stopper la propagation du covid-19, se r\u00e9inventer et proposer des solutions de transport adapt\u00e9es \u00e0 ce contexte in\u00e9dit, ont rythm\u00e9 le quotidien de tout un secteur.<\/p>\n","protected":false},"author":4,"featured_media":2446,"comment_status":"closed","ping_status":"closed","sticky":false,"template":"","format":"standard","meta":{"_acf_changed":false,"footnotes":""},"categories":[18],"tags":[127,128,129,65,29],"class_list":["post-6287","post","type-post","status-publish","format-standard","has-post-thumbnail","hentry","category-blog","tag-agilit2","tag-r2invent2","tag-resilience","tag-sanitaire","tag-transport"],"acf":[],"yoast_head":"<!-- This site is optimized with the Yoast SEO Premium plugin v25.3 (Yoast SEO v27.5) - https:\/\/yoast.com\/product\/yoast-seo-premium-wordpress\/ -->\n<title>[INFOGRAPHIE] CRISE SANITAIRE : COMMENT LE SECTEUR DU TRANSPORT A SU SE R\u00c9INVENTER &#8226; Groupe STERNE<\/title>\n<meta name=\"description\" content=\"La crise sanitaire que nous avons travers\u00e9e a boulevers\u00e9 nos feuilles de route. Depuis l\u2019annonce des mesures gouvernementales pour stopper la propagation du covid-19, se r\u00e9inventer et proposer des solutions de transport adapt\u00e9es \u00e0 ce contexte in\u00e9dit, ont rythm\u00e9 le quotidien de tout un secteur. Comment le Groupe STERNE a r\u00e9organis\u00e9 son offre de transport sur mesure pendant la crise sanitaire ?\" \/>\n<meta name=\"robots\" content=\"index, follow, max-snippet:-1, max-image-preview:large, max-video-preview:-1\" \/>\n<link rel=\"canonical\" href=\"https:\/\/www.groupe-sterne.com\/fr\/infographie-crise-sanitaire-comment-le-secteur-du-transport-a-su-se-reinventer-\ufffc\ufffc\ufffc\/\" \/>\n<meta property=\"og:locale\" content=\"fr_FR\" \/>\n<meta property=\"og:type\" content=\"article\" \/>\n<meta property=\"og:title\" content=\"[INFOGRAPHIE] CRISE SANITAIRE : COMMENT LE SECTEUR DU TRANSPORT A SU SE R\u00c9INVENTER\" \/>\n<meta property=\"og:description\" content=\"La crise sanitaire que nous avons travers\u00e9e a boulevers\u00e9 nos feuilles de route. Depuis l\u2019annonce des mesures gouvernementales pour stopper la propagation du covid-19, se r\u00e9inventer et proposer des solutions de transport adapt\u00e9es \u00e0 ce contexte in\u00e9dit, ont rythm\u00e9 le quotidien de tout un secteur. Comment le Groupe STERNE a r\u00e9organis\u00e9 son offre de transport sur mesure pendant la crise sanitaire ?\" \/>\n<meta property=\"og:url\" content=\"https:\/\/www.groupe-sterne.com\/fr\/infographie-crise-sanitaire-comment-le-secteur-du-transport-a-su-se-reinventer-\ufffc\ufffc\ufffc\/\" \/>\n<meta property=\"og:site_name\" content=\"Groupe STERNE\" \/>\n<meta property=\"article:published_time\" content=\"2020-05-12T14:01:00+00:00\" \/>\n<meta property=\"article:modified_time\" content=\"2022-08-30T13:28:13+00:00\" \/>\n<meta property=\"og:image\" content=\"https:\/\/www.groupe-sterne.com\/wp-content\/uploads\/2022\/03\/AdobeStock_347788140.jpeg\" \/>\n\t<meta property=\"og:image:width\" content=\"2050\" \/>\n\t<meta property=\"og:image:height\" content=\"1418\" \/>\n\t<meta property=\"og:image:type\" content=\"image\/jpeg\" \/>\n<meta name=\"author\" content=\"Virginie Longobardi\" \/>\n<meta name=\"twitter:card\" content=\"summary_large_image\" \/>\n<meta name=\"twitter:label1\" content=\"\u00c9crit par\" \/>\n\t<meta name=\"twitter:data1\" content=\"Virginie Longobardi\" \/>\n\t<meta name=\"twitter:label2\" content=\"Dur\u00e9e de lecture estim\u00e9e\" \/>\n\t<meta name=\"twitter:data2\" content=\"1 minute\" \/>\n<script type=\"application\/ld+json\" class=\"yoast-schema-graph\">{\"@context\":\"https:\\\/\\\/schema.org\",\"@graph\":[{\"@type\":\"Article\",\"@id\":\"https:\\\/\\\/www.groupe-sterne.com\\\/fr\\\/infographie-crise-sanitaire-comment-le-secteur-du-transport-a-su-se-reinventer-%ef%bf%bc%ef%bf%bc%ef%bf%bc\\\/#article\",\"isPartOf\":{\"@id\":\"https:\\\/\\\/www.groupe-sterne.com\\\/fr\\\/infographie-crise-sanitaire-comment-le-secteur-du-transport-a-su-se-reinventer-%ef%bf%bc%ef%bf%bc%ef%bf%bc\\\/\"},\"author\":{\"name\":\"Virginie Longobardi\",\"@id\":\"https:\\\/\\\/groupe-sterne.com\\\/fr\\\/#\\\/schema\\\/person\\\/491edd3c391344e5e86d0c242ff7c198\"},\"headline\":\"[INFOGRAPHIE] CRISE SANITAIRE : COMMENT LE SECTEUR DU TRANSPORT A SU SE R\u00c9INVENTER\",\"datePublished\":\"2020-05-12T14:01:00+00:00\",\"dateModified\":\"2022-08-30T13:28:13+00:00\",\"mainEntityOfPage\":{\"@id\":\"https:\\\/\\\/www.groupe-sterne.com\\\/fr\\\/infographie-crise-sanitaire-comment-le-secteur-du-transport-a-su-se-reinventer-%ef%bf%bc%ef%bf%bc%ef%bf%bc\\\/\"},\"wordCount\":89,\"publisher\":{\"@id\":\"https:\\\/\\\/groupe-sterne.com\\\/fr\\\/#organization\"},\"image\":{\"@id\":\"https:\\\/\\\/www.groupe-sterne.com\\\/fr\\\/infographie-crise-sanitaire-comment-le-secteur-du-transport-a-su-se-reinventer-%ef%bf%bc%ef%bf%bc%ef%bf%bc\\\/#primaryimage\"},\"thumbnailUrl\":\"https:\\\/\\\/www.groupe-sterne.com\\\/wp-content\\\/uploads\\\/2022\\\/03\\\/AdobeStock_347788140.jpeg\",\"keywords\":[\"AGILIT2\",\"R2INVENT2\",\"r\u00e9silience\",\"sanitaire\",\"transport\"],\"articleSection\":[\"blog\"],\"inLanguage\":\"fr-FR\"},{\"@type\":\"WebPage\",\"@id\":\"https:\\\/\\\/www.groupe-sterne.com\\\/fr\\\/infographie-crise-sanitaire-comment-le-secteur-du-transport-a-su-se-reinventer-%ef%bf%bc%ef%bf%bc%ef%bf%bc\\\/\",\"url\":\"https:\\\/\\\/www.groupe-sterne.com\\\/fr\\\/infographie-crise-sanitaire-comment-le-secteur-du-transport-a-su-se-reinventer-%ef%bf%bc%ef%bf%bc%ef%bf%bc\\\/\",\"name\":\"[INFOGRAPHIE] CRISE SANITAIRE : COMMENT LE SECTEUR DU TRANSPORT A SU SE R\u00c9INVENTER &#8226; Groupe STERNE\",\"isPartOf\":{\"@id\":\"https:\\\/\\\/groupe-sterne.com\\\/fr\\\/#website\"},\"primaryImageOfPage\":{\"@id\":\"https:\\\/\\\/www.groupe-sterne.com\\\/fr\\\/infographie-crise-sanitaire-comment-le-secteur-du-transport-a-su-se-reinventer-%ef%bf%bc%ef%bf%bc%ef%bf%bc\\\/#primaryimage\"},\"image\":{\"@id\":\"https:\\\/\\\/www.groupe-sterne.com\\\/fr\\\/infographie-crise-sanitaire-comment-le-secteur-du-transport-a-su-se-reinventer-%ef%bf%bc%ef%bf%bc%ef%bf%bc\\\/#primaryimage\"},\"thumbnailUrl\":\"https:\\\/\\\/www.groupe-sterne.com\\\/wp-content\\\/uploads\\\/2022\\\/03\\\/AdobeStock_347788140.jpeg\",\"datePublished\":\"2020-05-12T14:01:00+00:00\",\"dateModified\":\"2022-08-30T13:28:13+00:00\",\"description\":\"La crise sanitaire que nous avons travers\u00e9e a boulevers\u00e9 nos feuilles de route. Depuis l\u2019annonce des mesures gouvernementales pour stopper la propagation du covid-19, se r\u00e9inventer et proposer des solutions de transport adapt\u00e9es \u00e0 ce contexte in\u00e9dit, ont rythm\u00e9 le quotidien de tout un secteur. Comment le Groupe STERNE a r\u00e9organis\u00e9 son offre de transport sur mesure pendant la crise sanitaire ?\",\"breadcrumb\":{\"@id\":\"https:\\\/\\\/www.groupe-sterne.com\\\/fr\\\/infographie-crise-sanitaire-comment-le-secteur-du-transport-a-su-se-reinventer-%ef%bf%bc%ef%bf%bc%ef%bf%bc\\\/#breadcrumb\"},\"inLanguage\":\"fr-FR\",\"potentialAction\":[{\"@type\":\"ReadAction\",\"target\":[\"https:\\\/\\\/www.groupe-sterne.com\\\/fr\\\/infographie-crise-sanitaire-comment-le-secteur-du-transport-a-su-se-reinventer-%ef%bf%bc%ef%bf%bc%ef%bf%bc\\\/\"]}]},{\"@type\":\"ImageObject\",\"inLanguage\":\"fr-FR\",\"@id\":\"https:\\\/\\\/www.groupe-sterne.com\\\/fr\\\/infographie-crise-sanitaire-comment-le-secteur-du-transport-a-su-se-reinventer-%ef%bf%bc%ef%bf%bc%ef%bf%bc\\\/#primaryimage\",\"url\":\"https:\\\/\\\/www.groupe-sterne.com\\\/wp-content\\\/uploads\\\/2022\\\/03\\\/AdobeStock_347788140.jpeg\",\"contentUrl\":\"https:\\\/\\\/www.groupe-sterne.com\\\/wp-content\\\/uploads\\\/2022\\\/03\\\/AdobeStock_347788140.jpeg\",\"width\":2050,\"height\":1418,\"caption\":\"Delivery man courier with face mask and car delivering parcel boxes in town.\"},{\"@type\":\"BreadcrumbList\",\"@id\":\"https:\\\/\\\/www.groupe-sterne.com\\\/fr\\\/infographie-crise-sanitaire-comment-le-secteur-du-transport-a-su-se-reinventer-%ef%bf%bc%ef%bf%bc%ef%bf%bc\\\/#breadcrumb\",\"itemListElement\":[{\"@type\":\"ListItem\",\"position\":1,\"name\":\"Accueil\",\"item\":\"https:\\\/\\\/www.groupe-sterne.com\\\/fr\\\/\"},{\"@type\":\"ListItem\",\"position\":2,\"name\":\"[INFOGRAPHIE] CRISE SANITAIRE : COMMENT LE SECTEUR DU TRANSPORT A SU SE R\u00c9INVENTER\"}]},{\"@type\":\"WebSite\",\"@id\":\"https:\\\/\\\/groupe-sterne.com\\\/fr\\\/#website\",\"url\":\"https:\\\/\\\/groupe-sterne.com\\\/fr\\\/\",\"name\":\"Groupe STERNE\",\"description\":\"Votre sp\u00e9cialiste Premium Freight\",\"publisher\":{\"@id\":\"https:\\\/\\\/groupe-sterne.com\\\/fr\\\/#organization\"},\"potentialAction\":[{\"@type\":\"SearchAction\",\"target\":{\"@type\":\"EntryPoint\",\"urlTemplate\":\"https:\\\/\\\/groupe-sterne.com\\\/fr\\\/?s={search_term_string}\"},\"query-input\":{\"@type\":\"PropertyValueSpecification\",\"valueRequired\":true,\"valueName\":\"search_term_string\"}}],\"inLanguage\":\"fr-FR\"},{\"@type\":\"Organization\",\"@id\":\"https:\\\/\\\/groupe-sterne.com\\\/fr\\\/#organization\",\"name\":\"Groupe STERNE\",\"url\":\"https:\\\/\\\/groupe-sterne.com\\\/fr\\\/\",\"logo\":{\"@type\":\"ImageObject\",\"inLanguage\":\"fr-FR\",\"@id\":\"https:\\\/\\\/groupe-sterne.com\\\/fr\\\/#\\\/schema\\\/logo\\\/image\\\/\",\"url\":\"https:\\\/\\\/groupe-sterne.com\\\/wp-content\\\/uploads\\\/2022\\\/02\\\/logo_sterne.png\",\"contentUrl\":\"https:\\\/\\\/groupe-sterne.com\\\/wp-content\\\/uploads\\\/2022\\\/02\\\/logo_sterne.png\",\"width\":442,\"height\":116,\"caption\":\"Groupe STERNE\"},\"image\":{\"@id\":\"https:\\\/\\\/groupe-sterne.com\\\/fr\\\/#\\\/schema\\\/logo\\\/image\\\/\"}},{\"@type\":\"Person\",\"@id\":\"https:\\\/\\\/groupe-sterne.com\\\/fr\\\/#\\\/schema\\\/person\\\/491edd3c391344e5e86d0c242ff7c198\",\"name\":\"Virginie Longobardi\",\"url\":\"https:\\\/\\\/www.groupe-sterne.com\\\/fr\\\/author\\\/vlongobardigroupe-sterne-com\\\/\"}]}<\/script>\n<!-- \/ Yoast SEO Premium plugin. -->","yoast_head_json":{"title":"[INFOGRAPHIE] CRISE SANITAIRE : COMMENT LE SECTEUR DU TRANSPORT A SU SE R\u00c9INVENTER &#8226; Groupe STERNE","description":"La crise sanitaire que nous avons travers\u00e9e a boulevers\u00e9 nos feuilles de route. Depuis l\u2019annonce des mesures gouvernementales pour stopper la propagation du covid-19, se r\u00e9inventer et proposer des solutions de transport adapt\u00e9es \u00e0 ce contexte in\u00e9dit, ont rythm\u00e9 le quotidien de tout un secteur. Comment le Groupe STERNE a r\u00e9organis\u00e9 son offre de transport sur mesure pendant la crise sanitaire ?","robots":{"index":"index","follow":"follow","max-snippet":"max-snippet:-1","max-image-preview":"max-image-preview:large","max-video-preview":"max-video-preview:-1"},"canonical":"https:\/\/www.groupe-sterne.com\/fr\/infographie-crise-sanitaire-comment-le-secteur-du-transport-a-su-se-reinventer-\ufffc\ufffc\ufffc\/","og_locale":"fr_FR","og_type":"article","og_title":"[INFOGRAPHIE] CRISE SANITAIRE : COMMENT LE SECTEUR DU TRANSPORT A SU SE R\u00c9INVENTER","og_description":"La crise sanitaire que nous avons travers\u00e9e a boulevers\u00e9 nos feuilles de route. Depuis l\u2019annonce des mesures gouvernementales pour stopper la propagation du covid-19, se r\u00e9inventer et proposer des solutions de transport adapt\u00e9es \u00e0 ce contexte in\u00e9dit, ont rythm\u00e9 le quotidien de tout un secteur. Comment le Groupe STERNE a r\u00e9organis\u00e9 son offre de transport sur mesure pendant la crise sanitaire ?","og_url":"https:\/\/www.groupe-sterne.com\/fr\/infographie-crise-sanitaire-comment-le-secteur-du-transport-a-su-se-reinventer-\ufffc\ufffc\ufffc\/","og_site_name":"Groupe STERNE","article_published_time":"2020-05-12T14:01:00+00:00","article_modified_time":"2022-08-30T13:28:13+00:00","og_image":[{"width":2050,"height":1418,"url":"https:\/\/www.groupe-sterne.com\/wp-content\/uploads\/2022\/03\/AdobeStock_347788140.jpeg","type":"image\/jpeg"}],"author":"Virginie Longobardi","twitter_card":"summary_large_image","twitter_misc":{"\u00c9crit par":"Virginie Longobardi","Dur\u00e9e de lecture estim\u00e9e":"1 minute"},"schema":{"@context":"https:\/\/schema.org","@graph":[{"@type":"Article","@id":"https:\/\/www.groupe-sterne.com\/fr\/infographie-crise-sanitaire-comment-le-secteur-du-transport-a-su-se-reinventer-%ef%bf%bc%ef%bf%bc%ef%bf%bc\/#article","isPartOf":{"@id":"https:\/\/www.groupe-sterne.com\/fr\/infographie-crise-sanitaire-comment-le-secteur-du-transport-a-su-se-reinventer-%ef%bf%bc%ef%bf%bc%ef%bf%bc\/"},"author":{"name":"Virginie Longobardi","@id":"https:\/\/groupe-sterne.com\/fr\/#\/schema\/person\/491edd3c391344e5e86d0c242ff7c198"},"headline":"[INFOGRAPHIE] CRISE SANITAIRE : COMMENT LE SECTEUR DU TRANSPORT A SU SE R\u00c9INVENTER","datePublished":"2020-05-12T14:01:00+00:00","dateModified":"2022-08-30T13:28:13+00:00","mainEntityOfPage":{"@id":"https:\/\/www.groupe-sterne.com\/fr\/infographie-crise-sanitaire-comment-le-secteur-du-transport-a-su-se-reinventer-%ef%bf%bc%ef%bf%bc%ef%bf%bc\/"},"wordCount":89,"publisher":{"@id":"https:\/\/groupe-sterne.com\/fr\/#organization"},"image":{"@id":"https:\/\/www.groupe-sterne.com\/fr\/infographie-crise-sanitaire-comment-le-secteur-du-transport-a-su-se-reinventer-%ef%bf%bc%ef%bf%bc%ef%bf%bc\/#primaryimage"},"thumbnailUrl":"https:\/\/www.groupe-sterne.com\/wp-content\/uploads\/2022\/03\/AdobeStock_347788140.jpeg","keywords":["AGILIT2","R2INVENT2","r\u00e9silience","sanitaire","transport"],"articleSection":["blog"],"inLanguage":"fr-FR"},{"@type":"WebPage","@id":"https:\/\/www.groupe-sterne.com\/fr\/infographie-crise-sanitaire-comment-le-secteur-du-transport-a-su-se-reinventer-%ef%bf%bc%ef%bf%bc%ef%bf%bc\/","url":"https:\/\/www.groupe-sterne.com\/fr\/infographie-crise-sanitaire-comment-le-secteur-du-transport-a-su-se-reinventer-%ef%bf%bc%ef%bf%bc%ef%bf%bc\/","name":"[INFOGRAPHIE] CRISE SANITAIRE : COMMENT LE SECTEUR DU TRANSPORT A SU SE R\u00c9INVENTER &#8226; Groupe STERNE","isPartOf":{"@id":"https:\/\/groupe-sterne.com\/fr\/#website"},"primaryImageOfPage":{"@id":"https:\/\/www.groupe-sterne.com\/fr\/infographie-crise-sanitaire-comment-le-secteur-du-transport-a-su-se-reinventer-%ef%bf%bc%ef%bf%bc%ef%bf%bc\/#primaryimage"},"image":{"@id":"https:\/\/www.groupe-sterne.com\/fr\/infographie-crise-sanitaire-comment-le-secteur-du-transport-a-su-se-reinventer-%ef%bf%bc%ef%bf%bc%ef%bf%bc\/#primaryimage"},"thumbnailUrl":"https:\/\/www.groupe-sterne.com\/wp-content\/uploads\/2022\/03\/AdobeStock_347788140.jpeg","datePublished":"2020-05-12T14:01:00+00:00","dateModified":"2022-08-30T13:28:13+00:00","description":"La crise sanitaire que nous avons travers\u00e9e a boulevers\u00e9 nos feuilles de route. Depuis l\u2019annonce des mesures gouvernementales pour stopper la propagation du covid-19, se r\u00e9inventer et proposer des solutions de transport adapt\u00e9es \u00e0 ce contexte in\u00e9dit, ont rythm\u00e9 le quotidien de tout un secteur. Comment le Groupe STERNE a r\u00e9organis\u00e9 son offre de transport sur mesure pendant la crise sanitaire ?","breadcrumb":{"@id":"https:\/\/www.groupe-sterne.com\/fr\/infographie-crise-sanitaire-comment-le-secteur-du-transport-a-su-se-reinventer-%ef%bf%bc%ef%bf%bc%ef%bf%bc\/#breadcrumb"},"inLanguage":"fr-FR","potentialAction":[{"@type":"ReadAction","target":["https:\/\/www.groupe-sterne.com\/fr\/infographie-crise-sanitaire-comment-le-secteur-du-transport-a-su-se-reinventer-%ef%bf%bc%ef%bf%bc%ef%bf%bc\/"]}]},{"@type":"ImageObject","inLanguage":"fr-FR","@id":"https:\/\/www.groupe-sterne.com\/fr\/infographie-crise-sanitaire-comment-le-secteur-du-transport-a-su-se-reinventer-%ef%bf%bc%ef%bf%bc%ef%bf%bc\/#primaryimage","url":"https:\/\/www.groupe-sterne.com\/wp-content\/uploads\/2022\/03\/AdobeStock_347788140.jpeg","contentUrl":"https:\/\/www.groupe-sterne.com\/wp-content\/uploads\/2022\/03\/AdobeStock_347788140.jpeg","width":2050,"height":1418,"caption":"Delivery man courier with face mask and car delivering parcel boxes in town."},{"@type":"BreadcrumbList","@id":"https:\/\/www.groupe-sterne.com\/fr\/infographie-crise-sanitaire-comment-le-secteur-du-transport-a-su-se-reinventer-%ef%bf%bc%ef%bf%bc%ef%bf%bc\/#breadcrumb","itemListElement":[{"@type":"ListItem","position":1,"name":"Accueil","item":"https:\/\/www.groupe-sterne.com\/fr\/"},{"@type":"ListItem","position":2,"name":"[INFOGRAPHIE] CRISE SANITAIRE : COMMENT LE SECTEUR DU TRANSPORT A SU SE R\u00c9INVENTER"}]},{"@type":"WebSite","@id":"https:\/\/groupe-sterne.com\/fr\/#website","url":"https:\/\/groupe-sterne.com\/fr\/","name":"Groupe STERNE","description":"Votre sp\u00e9cialiste Premium Freight","publisher":{"@id":"https:\/\/groupe-sterne.com\/fr\/#organization"},"potentialAction":[{"@type":"SearchAction","target":{"@type":"EntryPoint","urlTemplate":"https:\/\/groupe-sterne.com\/fr\/?s={search_term_string}"},"query-input":{"@type":"PropertyValueSpecification","valueRequired":true,"valueName":"search_term_string"}}],"inLanguage":"fr-FR"},{"@type":"Organization","@id":"https:\/\/groupe-sterne.com\/fr\/#organization","name":"Groupe STERNE","url":"https:\/\/groupe-sterne.com\/fr\/","logo":{"@type":"ImageObject","inLanguage":"fr-FR","@id":"https:\/\/groupe-sterne.com\/fr\/#\/schema\/logo\/image\/","url":"https:\/\/groupe-sterne.com\/wp-content\/uploads\/2022\/02\/logo_sterne.png","contentUrl":"https:\/\/groupe-sterne.com\/wp-content\/uploads\/2022\/02\/logo_sterne.png","width":442,"height":116,"caption":"Groupe STERNE"},"image":{"@id":"https:\/\/groupe-sterne.com\/fr\/#\/schema\/logo\/image\/"}},{"@type":"Person","@id":"https:\/\/groupe-sterne.com\/fr\/#\/schema\/person\/491edd3c391344e5e86d0c242ff7c198","name":"Virginie Longobardi","url":"https:\/\/www.groupe-sterne.com\/fr\/author\/vlongobardigroupe-sterne-com\/"}]}},"_links":{"self":[{"href":"https:\/\/www.groupe-sterne.com\/fr\/wp-json\/wp\/v2\/posts\/6287","targetHints":{"allow":["GET"]}}],"collection":[{"href":"https:\/\/www.groupe-sterne.com\/fr\/wp-json\/wp\/v2\/posts"}],"about":[{"href":"https:\/\/www.groupe-sterne.com\/fr\/wp-json\/wp\/v2\/types\/post"}],"author":[{"embeddable":true,"href":"https:\/\/www.groupe-sterne.com\/fr\/wp-json\/wp\/v2\/users\/4"}],"replies":[{"embeddable":true,"href":"https:\/\/www.groupe-sterne.com\/fr\/wp-json\/wp\/v2\/comments?post=6287"}],"version-history":[{"count":0,"href":"https:\/\/www.groupe-sterne.com\/fr\/wp-json\/wp\/v2\/posts\/6287\/revisions"}],"wp:featuredmedia":[{"embeddable":true,"href":"https:\/\/www.groupe-sterne.com\/fr\/wp-json\/wp\/v2\/media\/2446"}],"wp:attachment":[{"href":"https:\/\/www.groupe-sterne.com\/fr\/wp-json\/wp\/v2\/media?parent=6287"}],"wp:term":[{"taxonomy":"category","embeddable":true,"href":"https:\/\/www.groupe-sterne.com\/fr\/wp-json\/wp\/v2\/categories?post=6287"},{"taxonomy":"post_tag","embeddable":true,"href":"https:\/\/www.groupe-sterne.com\/fr\/wp-json\/wp\/v2\/tags?post=6287"}],"curies":[{"name":"wp","href":"https:\/\/api.w.org\/{rel}","templated":true}]}}