{"id":14305,"date":"2023-11-24T09:26:34","date_gmt":"2023-11-24T08:26:34","guid":{"rendered":"https:\/\/www.groupe-sterne.com\/?p=14305"},"modified":"2024-02-06T16:42:38","modified_gmt":"2024-02-06T15:42:38","slug":"sbti-valide-nos-objectifs-de-reduction-de-ges","status":"publish","type":"post","link":"https:\/\/www.groupe-sterne.com\/fr\/sbti-valide-nos-objectifs-de-reduction-de-ges\/","title":{"rendered":"SBTi valide nos objectifs de r\u00e9duction de GES"},"content":{"rendered":"\t\t<div data-elementor-type=\"wp-post\" data-elementor-id=\"14305\" class=\"elementor elementor-14305\" data-elementor-post-type=\"post\">\n\t\t\t\t<div class=\"elementor-element elementor-element-1d507a7 e-con-full e-flex e-con e-parent\" data-id=\"1d507a7\" data-element_type=\"container\" data-e-type=\"container\">\n\t\t\t\t<div class=\"elementor-element elementor-element-629ee69 elementor-widget elementor-widget-text-editor\" data-id=\"629ee69\" data-element_type=\"widget\" data-e-type=\"widget\" data-widget_type=\"text-editor.default\">\n\t\t\t\t<div class=\"elementor-widget-container\">\n\t\t\t\t\t\t\t\t\t<p data-elementor-setting-key=\"title\" data-pen-placeholder=\"\u00c9crivez ici...\"><b style=\"color: var( --e-global-color-text ); font-family: var( --e-global-typography-text-font-family ), Sans-serif; font-size: var( --e-global-typography-text-font-size ); text-align: var(--text-align);\"><span style=\"color: var( --e-global-color-text ); font-family: var( --e-global-typography-text-font-family ), Sans-serif; font-size: var( --e-global-typography-text-font-size ); text-align: var(--text-align);\">Le Groupe STERNE vient d\u2019obtenir la certification SBTI (Science-Based Targets Initiative), qui atteste de son engagement en mati\u00e8re de RSE. L\u2019initiative SBTI encourage les entreprises \u00e0 fixer des objectifs de r\u00e9duction des \u00e9missions de GES bas\u00e9s sur les recommandations scientifiques devant permettre de limiter le r\u00e9chauffement climatique \u00e0 1,5 degr\u00e9 Celsius au-dessus des niveaux pr\u00e9industriels, conform\u00e9ment aux Accords de Paris sur le Climat.\u00a0<\/span><\/b><span style=\"color: rgba(0, 0, 0, 0.9); font-family: -apple-system, system-ui, BlinkMacSystemFont, 'Segoe UI', Roboto, 'Helvetica Neue', 'Fira Sans', Ubuntu, Oxygen, 'Oxygen Sans', Cantarell, 'Droid Sans', 'Apple Color Emoji', 'Segoe UI Emoji', 'Segoe UI Emoji', 'Segoe UI Symbol', 'Lucida Grande', Helvetica, Arial, sans-serif; font-size: 14px; font-weight: var( --e-global-typography-text-font-weight ); text-align: var(--text-align);\">\ud83c\udf43\u00a0<\/span><\/p>\t\t\t\t\t\t\t\t<\/div>\n\t\t\t\t<\/div>\n\t\t\t\t<div class=\"elementor-element elementor-element-08dd6dc elementor-widget__width-initial elementor-widget elementor-widget-image\" data-id=\"08dd6dc\" data-element_type=\"widget\" data-e-type=\"widget\" data-widget_type=\"image.default\">\n\t\t\t\t<div class=\"elementor-widget-container\">\n\t\t\t\t\t\t\t\t\t\t\t\t\t\t\t<img fetchpriority=\"high\" decoding=\"async\" width=\"800\" height=\"232\" src=\"https:\/\/www.groupe-sterne.com\/wp-content\/uploads\/2023\/11\/imagevggoe-1024x297.png\" class=\"attachment-large size-large wp-image-14894\" alt=\"\" srcset=\"https:\/\/www.groupe-sterne.com\/wp-content\/uploads\/2023\/11\/imagevggoe-1024x297.png 1024w, https:\/\/www.groupe-sterne.com\/wp-content\/uploads\/2023\/11\/imagevggoe-300x87.png 300w, https:\/\/www.groupe-sterne.com\/wp-content\/uploads\/2023\/11\/imagevggoe-768x222.png 768w, https:\/\/www.groupe-sterne.com\/wp-content\/uploads\/2023\/11\/imagevggoe-1536x445.png 1536w, https:\/\/www.groupe-sterne.com\/wp-content\/uploads\/2023\/11\/imagevggoe.png 1581w\" sizes=\"(max-width: 800px) 100vw, 800px\" \/>\t\t\t\t\t\t\t\t\t\t\t\t\t\t\t<\/div>\n\t\t\t\t<\/div>\n\t\t\t\t<\/div>\n\t\t<div class=\"elementor-element elementor-element-8fb92d0 e-con-full e-flex e-con e-parent\" data-id=\"8fb92d0\" data-element_type=\"container\" data-e-type=\"container\">\n\t\t\t\t<div class=\"elementor-element elementor-element-e919a23 elementor-widget elementor-widget-text-editor\" data-id=\"e919a23\" data-element_type=\"widget\" data-e-type=\"widget\" data-widget_type=\"text-editor.default\">\n\t\t\t\t<div class=\"elementor-widget-container\">\n\t\t\t\t\t\t\t\t\t<div><span style=\"color: var( --e-global-color-text ); font-family: var( --e-global-typography-text-font-family ), Sans-serif; font-size: var( --e-global-typography-text-font-size ); font-weight: var( --e-global-typography-text-font-weight ); text-align: var(--text-align);\">L\u2019obtention de cette certification mondiale atteste donc que la trajectoire de r\u00e9duction des \u00e9missions de GES du Groupe est conforme aux Accords de Paris et que les objectifs d\u00e9finis sont atteignables dans le temps. Voici les diff\u00e9rentes initiatives mises en place par le Groupe pour les atteindre :\u00a0<br \/><\/span><br \/><span style=\"color: var( --e-global-color-text ); font-family: var( --e-global-typography-text-font-family ), Sans-serif; font-size: var( --e-global-typography-text-font-size ); font-weight: var( --e-global-typography-text-font-weight ); text-align: var(--text-align);\"><strong>\u25a0 Plan b\u00e2timentaire<\/strong> : STERNE privil\u00e9gie d\u00e9sormais les b\u00e2timents logistiques chauff\u00e9s \u00e0 l&rsquo;\u00e9lectricit\u00e9, qui contribuent \u00e0 r\u00e9duire son empreinte carbone, et opte pour des b\u00e2timents certifi\u00e9s BREEAM very good ou HQE tr\u00e8s bon, qui garantissent la r\u00e9duction de l&rsquo;impact environnemental tout au long du processus de construction.\u00a0<\/span><\/div><div><span style=\"color: var( --e-global-color-text ); font-family: var( --e-global-typography-text-font-family ), Sans-serif; font-size: var( --e-global-typography-text-font-size ); font-weight: var( --e-global-typography-text-font-weight ); text-align: var(--text-align);\"><strong>\u25a0 \u00c9volution de la flotte de v\u00e9hicules<\/strong> : Sa flotte de v\u00e9hicules est compos\u00e9e \u00e0 93 % de v\u00e9hicules aux normes EURO 6, et de 33 v\u00e9hicules \u00e9lectriques pour un transport 100 % d\u00e9carbon\u00e9 en zones urbaines, en accord avec les r\u00e9glementations ZFE (Zones \u00e0 faibles \u00e9missions).\u00a0<\/span><\/div><div><span style=\"color: var( --e-global-color-text ); font-family: var( --e-global-typography-text-font-family ), Sans-serif; font-size: var( --e-global-typography-text-font-size ); font-weight: var( --e-global-typography-text-font-weight ); text-align: var(--text-align);\">\u25a0\u00a0<strong>Optimisation des transports<\/strong> : Depuis 2014, STERNE travaille sur l&rsquo;optimisation des distances parcourues, et favorise les tourn\u00e9es mutualis\u00e9es, qui permettent de limiter les kilom\u00e8tres \u00e0 vide, font baisser le bilan carbone par colis et r\u00e9duisent son empreinte environnementale.\u00a0<\/span><\/div>\t\t\t\t\t\t\t\t<\/div>\n\t\t\t\t<\/div>\n\t\t\t\t<\/div>\n\t\t<div class=\"elementor-element elementor-element-e68b06d e-con-full e-flex e-con e-parent\" data-id=\"e68b06d\" data-element_type=\"container\" data-e-type=\"container\">\n\t\t<div class=\"elementor-element elementor-element-7c10f5a e-con-full e-flex e-con e-child\" data-id=\"7c10f5a\" data-element_type=\"container\" data-e-type=\"container\">\n\t\t\t\t<div class=\"elementor-element elementor-element-4e7c688 elementor-widget elementor-widget-text-editor\" data-id=\"4e7c688\" data-element_type=\"widget\" data-e-type=\"widget\" data-widget_type=\"text-editor.default\">\n\t\t\t\t<div class=\"elementor-widget-container\">\n\t\t\t\t\t\t\t\t\t<p>Ces initiatives ont permis \u00e0 STERNE de r\u00e9duire l\u2019intensit\u00e9 de ses \u00e9missions carbones de 17,32% et de se fixer des objectifs ambitieux* pour la p\u00e9riode 2021-2032 :<\/p><div><span style=\"font-weight: var( --e-global-typography-text-font-weight ); text-align: var(--text-align); color: rgba(0, 0, 0, 0.9); font-family: -apple-system, system-ui, BlinkMacSystemFont, 'Segoe UI', Roboto, 'Helvetica Neue', 'Fira Sans', Ubuntu, Oxygen, 'Oxygen Sans', Cantarell, 'Droid Sans', 'Apple Color Emoji', 'Segoe UI Emoji', 'Segoe UI Emoji', 'Segoe UI Symbol', 'Lucida Grande', Helvetica, Arial, sans-serif; font-size: 14px;\">\ud83c\udfaf<\/span><span style=\"color: var( --e-global-color-text ); font-family: var( --e-global-typography-text-font-family ), Sans-serif; font-size: var( --e-global-typography-text-font-size ); font-weight: var( --e-global-typography-text-font-weight ); text-align: var(--text-align);\">\u00a0<\/span><span style=\"font-weight: bold;\">R\u00e9duction de 42 % des \u00c9missions de GES<\/span>\u00a0sur les Scopes 1 et 2 : Cet engagement couvre 95 % des \u00e9missions des scopes 1 et 2.<br \/><span style=\"color: rgba(0, 0, 0, 0.9); font-family: -apple-system, system-ui, BlinkMacSystemFont, 'Segoe UI', Roboto, 'Helvetica Neue', 'Fira Sans', Ubuntu, Oxygen, 'Oxygen Sans', Cantarell, 'Droid Sans', 'Apple Color Emoji', 'Segoe UI Emoji', 'Segoe UI Emoji', 'Segoe UI Symbol', 'Lucida Grande', Helvetica, Arial, sans-serif; font-size: 14px; font-weight: var( --e-global-typography-text-font-weight ); text-align: var(--text-align);\">\ud83c\udfaf<\/span>\u00a0<span style=\"font-weight: bold;\">R\u00e9duction de 25 % des \u00c9missions de GES\u00a0<\/span>sur le Scope 3 : Cet engagement couvre 67 % des postes d&rsquo;\u00e9missions du scope 3.<br \/><span style=\"color: rgba(0, 0, 0, 0.9); font-family: -apple-system, system-ui, BlinkMacSystemFont, 'Segoe UI', Roboto, 'Helvetica Neue', 'Fira Sans', Ubuntu, Oxygen, 'Oxygen Sans', Cantarell, 'Droid Sans', 'Apple Color Emoji', 'Segoe UI Emoji', 'Segoe UI Emoji', 'Segoe UI Symbol', 'Lucida Grande', Helvetica, Arial, sans-serif; font-size: 14px; font-weight: var( --e-global-typography-text-font-weight ); text-align: var(--text-align);\">\ud83c\udfaf<\/span>\u00a0Soit une\u00a0<span style=\"font-weight: bold;\">r\u00e9duction de l\u2019intensit\u00e9 des \u00e9missions totales de 52% \u00e0 horizon 2032.<br \/><\/span><br \/><span style=\"color: #999999; font-family: var( --e-global-typography-text-font-family ), Sans-serif; font-size: var( --e-global-typography-text-font-size ); font-weight: var( --e-global-typography-text-font-weight ); text-align: var(--text-align); white-space-collapse: preserve;\">\u00a0*<\/span><em style=\"color: var( --e-global-color-text ); font-size: 1em; font-weight: var( --e-global-typography-text-font-weight ); text-align: var(--text-align); font-family: monospace, monospace; white-space-collapse: preserve;\"><span style=\"color: #999999;\">Le p\u00e9rim\u00e8tre cible comprend les \u00e9missions biog\u00e9niques et l&rsquo;absorption des mati\u00e8res premi\u00e8res bio\u00e9nerg\u00e9tiques.<\/span><\/em><\/div>\t\t\t\t\t\t\t\t<\/div>\n\t\t\t\t<\/div>\n\t\t\t\t<\/div>\n\t\t<div class=\"elementor-element elementor-element-e86358e e-con-full e-flex e-con e-child\" data-id=\"e86358e\" data-element_type=\"container\" data-e-type=\"container\">\n\t\t<div class=\"elementor-element elementor-element-329178a e-con-full e-flex e-con e-child\" data-id=\"329178a\" data-element_type=\"container\" data-e-type=\"container\" data-settings=\"{&quot;background_background&quot;:&quot;classic&quot;}\">\n\t\t\t\t<div class=\"elementor-element elementor-element-888bce0 elementor-blockquote--skin-quotation elementor-blockquote--button-view-icon-text elementor-blockquote--button-skin-classic elementor-widget elementor-widget-blockquote\" data-id=\"888bce0\" data-element_type=\"widget\" data-e-type=\"widget\" data-widget_type=\"blockquote.default\">\n\t\t\t\t<div class=\"elementor-widget-container\">\n\t\t\t\t\t\t\t<blockquote class=\"elementor-blockquote\">\n\t\t\t<p class=\"elementor-blockquote__content\">\n\t\t\t\t\"Cette norme oblige \u00e0 quantifier r\u00e9ellement nos objectifs de r\u00e9duction, et de fixer des jalons plus transparents et plus clairs pour mesurer nos performances annuelles en mati\u00e8re de r\u00e9duction des \u00e9missions.\"<br>\t\t\t<\/p>\n\t\t\t\t\t\t\t<div class=\"e-q-footer\">\n\t\t\t\t\t\t\t\t\t\t\t<cite class=\"elementor-blockquote__author\">Loic Chavaroche - Directeur RSE-ESG <\/cite>\n\t\t\t\t\t\t\t\t\t\t\t\t\t\t\t\t<a href=\"https:\/\/twitter.com\/intent\/tweet?text=%22Cette+norme+oblige+%C3%A0+quantifier+r%C3%A9ellement+nos+objectifs+de+r%C3%A9duction%2C+et+de+fixer+des+jalons+plus+transparents+et+plus+clairs+pour+mesurer+nos+performances+annuelles+en+mati%C3%A8re+de+r%C3%A9duction+des+%C3%A9missions.%22%3Cbr%3E+%E2%80%94+Loic+Chavaroche+-+Directeur+RSE-ESG+&amp;url=https%3A%2F%2Fwww.groupe-sterne.com%2Ffr%2F%2Ffr%2Fsbti-valide-nos-objectifs-de-reduction-de-ges%2F\" class=\"elementor-blockquote__tweet-button\" target=\"_blank\">\n\t\t\t\t\t\t\t\t\t\t\t\t\t\t\t<i aria-hidden=\"true\" class=\"fab fa-twitter\"><\/i>\t\t\t\t\t\t\t\t\t\t\t\t\t\t\t\t\t\t\t\t\t\t\t\t\t\t\t\t\t\t<span class=\"elementor-blockquote__tweet-label\">Tweet<\/span>\n\t\t\t\t\t\t\t\t\t\t\t\t\t<\/a>\n\t\t\t\t\t\t\t\t\t<\/div>\n\t\t\t\t\t<\/blockquote>\n\t\t\t\t\t\t<\/div>\n\t\t\t\t<\/div>\n\t\t\t\t<\/div>\n\t\t\t\t<\/div>\n\t\t\t\t<\/div>\n\t\t<div class=\"elementor-element elementor-element-783d318 e-con-full e-flex e-con e-parent\" data-id=\"783d318\" data-element_type=\"container\" data-e-type=\"container\">\n\t\t\t\t<div class=\"elementor-element elementor-element-43e9cb4 elementor-widget__width-initial elementor-widget elementor-widget-image\" data-id=\"43e9cb4\" data-element_type=\"widget\" data-e-type=\"widget\" data-widget_type=\"image.default\">\n\t\t\t\t<div class=\"elementor-widget-container\">\n\t\t\t\t\t\t\t\t\t\t\t\t\t\t\t\t<a href=\"\" target=\"_blank\" rel=\"nofollow\">\n\t\t\t\t\t\t\t<img decoding=\"async\" width=\"768\" height=\"253\" src=\"https:\/\/www.groupe-sterne.com\/wp-content\/uploads\/2023\/11\/Capture-decran-2023-11-24-100759-768x253.png\" class=\"attachment-medium_large size-medium_large wp-image-14329\" alt=\"\" srcset=\"https:\/\/www.groupe-sterne.com\/wp-content\/uploads\/2023\/11\/Capture-decran-2023-11-24-100759-768x253.png 768w, https:\/\/www.groupe-sterne.com\/wp-content\/uploads\/2023\/11\/Capture-decran-2023-11-24-100759-300x99.png 300w, https:\/\/www.groupe-sterne.com\/wp-content\/uploads\/2023\/11\/Capture-decran-2023-11-24-100759-1024x338.png 1024w, https:\/\/www.groupe-sterne.com\/wp-content\/uploads\/2023\/11\/Capture-decran-2023-11-24-100759.png 1031w\" sizes=\"(max-width: 768px) 100vw, 768px\" \/>\t\t\t\t\t\t\t\t<\/a>\n\t\t\t\t\t\t\t\t\t\t\t\t\t\t\t<\/div>\n\t\t\t\t<\/div>\n\t\t\t\t<\/div>\n\t\t\t\t<\/div>\n\t\t","protected":false},"excerpt":{"rendered":"<p>La SBTi a valid\u00e9 officiellement nos objectifs de r\u00e9duction des \u00e9missions de GES \u00e0 court terme, consid\u00e9r\u00e9s comme align\u00e9s aux Accords de Paris et la trajectoire 1,5\u00b0C.<\/p>\n","protected":false},"author":4,"featured_media":14336,"comment_status":"closed","ping_status":"closed","sticky":false,"template":"","format":"standard","meta":{"_acf_changed":false,"footnotes":""},"categories":[18],"tags":[333,37,485,487,372,488,29],"class_list":["post-14305","post","type-post","status-publish","format-standard","has-post-thumbnail","hentry","category-blog","tag-engagement","tag-logistique","tag-netzerocompense","tag-objectif","tag-rse","tag-scope","tag-transport"],"acf":[],"yoast_head":"<!-- This site is optimized with the Yoast SEO Premium plugin v25.3 (Yoast SEO v27.5) - https:\/\/yoast.com\/product\/yoast-seo-premium-wordpress\/ -->\n<title>SBTi valide nos objectifs de r\u00e9duction de GES &#8226; Groupe STERNE<\/title>\n<meta name=\"robots\" content=\"index, follow, max-snippet:-1, max-image-preview:large, max-video-preview:-1\" \/>\n<link rel=\"canonical\" href=\"https:\/\/www.groupe-sterne.com\/fr\/sbti-valide-nos-objectifs-de-reduction-de-ges\/\" \/>\n<meta property=\"og:locale\" content=\"fr_FR\" \/>\n<meta property=\"og:type\" content=\"article\" \/>\n<meta property=\"og:title\" content=\"SBTi valide nos objectifs de r\u00e9duction de GES\" \/>\n<meta property=\"og:description\" content=\"La SBTi a valid\u00e9 officiellement nos objectifs de r\u00e9duction des \u00e9missions de GES \u00e0 court terme, consid\u00e9r\u00e9s comme align\u00e9s aux Accords de Paris et la trajectoire 1,5\u00b0C.\" \/>\n<meta property=\"og:url\" content=\"https:\/\/www.groupe-sterne.com\/fr\/sbti-valide-nos-objectifs-de-reduction-de-ges\/\" \/>\n<meta property=\"og:site_name\" content=\"Groupe STERNE\" \/>\n<meta property=\"article:published_time\" content=\"2023-11-24T08:26:34+00:00\" \/>\n<meta property=\"article:modified_time\" content=\"2024-02-06T15:42:38+00:00\" \/>\n<meta property=\"og:image\" content=\"https:\/\/www.groupe-sterne.com\/wp-content\/uploads\/2023\/11\/Capture-decran-2023-11-24-100956-1.png\" \/>\n\t<meta property=\"og:image:width\" content=\"956\" \/>\n\t<meta property=\"og:image:height\" content=\"588\" \/>\n\t<meta property=\"og:image:type\" content=\"image\/png\" \/>\n<meta name=\"author\" content=\"Virginie Longobardi\" \/>\n<meta name=\"twitter:card\" content=\"summary_large_image\" \/>\n<meta name=\"twitter:label1\" content=\"\u00c9crit par\" \/>\n\t<meta name=\"twitter:data1\" content=\"Virginie Longobardi\" \/>\n\t<meta name=\"twitter:label2\" content=\"Dur\u00e9e de lecture estim\u00e9e\" \/>\n\t<meta name=\"twitter:data2\" content=\"3 minutes\" \/>\n<script type=\"application\/ld+json\" class=\"yoast-schema-graph\">{\"@context\":\"https:\\\/\\\/schema.org\",\"@graph\":[{\"@type\":\"Article\",\"@id\":\"https:\\\/\\\/www.groupe-sterne.com\\\/fr\\\/sbti-valide-nos-objectifs-de-reduction-de-ges\\\/#article\",\"isPartOf\":{\"@id\":\"https:\\\/\\\/www.groupe-sterne.com\\\/fr\\\/sbti-valide-nos-objectifs-de-reduction-de-ges\\\/\"},\"author\":{\"name\":\"Virginie Longobardi\",\"@id\":\"https:\\\/\\\/groupe-sterne.com\\\/fr\\\/#\\\/schema\\\/person\\\/491edd3c391344e5e86d0c242ff7c198\"},\"headline\":\"SBTi valide nos objectifs de r\u00e9duction de GES\",\"datePublished\":\"2023-11-24T08:26:34+00:00\",\"dateModified\":\"2024-02-06T15:42:38+00:00\",\"mainEntityOfPage\":{\"@id\":\"https:\\\/\\\/www.groupe-sterne.com\\\/fr\\\/sbti-valide-nos-objectifs-de-reduction-de-ges\\\/\"},\"wordCount\":405,\"publisher\":{\"@id\":\"https:\\\/\\\/groupe-sterne.com\\\/fr\\\/#organization\"},\"image\":{\"@id\":\"https:\\\/\\\/www.groupe-sterne.com\\\/fr\\\/sbti-valide-nos-objectifs-de-reduction-de-ges\\\/#primaryimage\"},\"thumbnailUrl\":\"https:\\\/\\\/www.groupe-sterne.com\\\/wp-content\\\/uploads\\\/2023\\\/11\\\/Capture-decran-2023-11-24-100956-1.png\",\"keywords\":[\"engagement\",\"logistique\",\"netzerocompens\u00e9\",\"objectif\",\"rse\",\"scope\",\"transport\"],\"articleSection\":[\"blog\"],\"inLanguage\":\"fr-FR\"},{\"@type\":\"WebPage\",\"@id\":\"https:\\\/\\\/www.groupe-sterne.com\\\/fr\\\/sbti-valide-nos-objectifs-de-reduction-de-ges\\\/\",\"url\":\"https:\\\/\\\/www.groupe-sterne.com\\\/fr\\\/sbti-valide-nos-objectifs-de-reduction-de-ges\\\/\",\"name\":\"SBTi valide nos objectifs de r\u00e9duction de GES &#8226; Groupe STERNE\",\"isPartOf\":{\"@id\":\"https:\\\/\\\/groupe-sterne.com\\\/fr\\\/#website\"},\"primaryImageOfPage\":{\"@id\":\"https:\\\/\\\/www.groupe-sterne.com\\\/fr\\\/sbti-valide-nos-objectifs-de-reduction-de-ges\\\/#primaryimage\"},\"image\":{\"@id\":\"https:\\\/\\\/www.groupe-sterne.com\\\/fr\\\/sbti-valide-nos-objectifs-de-reduction-de-ges\\\/#primaryimage\"},\"thumbnailUrl\":\"https:\\\/\\\/www.groupe-sterne.com\\\/wp-content\\\/uploads\\\/2023\\\/11\\\/Capture-decran-2023-11-24-100956-1.png\",\"datePublished\":\"2023-11-24T08:26:34+00:00\",\"dateModified\":\"2024-02-06T15:42:38+00:00\",\"breadcrumb\":{\"@id\":\"https:\\\/\\\/www.groupe-sterne.com\\\/fr\\\/sbti-valide-nos-objectifs-de-reduction-de-ges\\\/#breadcrumb\"},\"inLanguage\":\"fr-FR\",\"potentialAction\":[{\"@type\":\"ReadAction\",\"target\":[\"https:\\\/\\\/www.groupe-sterne.com\\\/fr\\\/sbti-valide-nos-objectifs-de-reduction-de-ges\\\/\"]}]},{\"@type\":\"ImageObject\",\"inLanguage\":\"fr-FR\",\"@id\":\"https:\\\/\\\/www.groupe-sterne.com\\\/fr\\\/sbti-valide-nos-objectifs-de-reduction-de-ges\\\/#primaryimage\",\"url\":\"https:\\\/\\\/www.groupe-sterne.com\\\/wp-content\\\/uploads\\\/2023\\\/11\\\/Capture-decran-2023-11-24-100956-1.png\",\"contentUrl\":\"https:\\\/\\\/www.groupe-sterne.com\\\/wp-content\\\/uploads\\\/2023\\\/11\\\/Capture-decran-2023-11-24-100956-1.png\",\"width\":956,\"height\":588,\"caption\":\"sbti x sterne group\"},{\"@type\":\"BreadcrumbList\",\"@id\":\"https:\\\/\\\/www.groupe-sterne.com\\\/fr\\\/sbti-valide-nos-objectifs-de-reduction-de-ges\\\/#breadcrumb\",\"itemListElement\":[{\"@type\":\"ListItem\",\"position\":1,\"name\":\"Accueil\",\"item\":\"https:\\\/\\\/www.groupe-sterne.com\\\/fr\\\/\"},{\"@type\":\"ListItem\",\"position\":2,\"name\":\"SBTi valide nos objectifs de r\u00e9duction de GES\"}]},{\"@type\":\"WebSite\",\"@id\":\"https:\\\/\\\/groupe-sterne.com\\\/fr\\\/#website\",\"url\":\"https:\\\/\\\/groupe-sterne.com\\\/fr\\\/\",\"name\":\"Groupe STERNE\",\"description\":\"Votre sp\u00e9cialiste Premium Freight\",\"publisher\":{\"@id\":\"https:\\\/\\\/groupe-sterne.com\\\/fr\\\/#organization\"},\"potentialAction\":[{\"@type\":\"SearchAction\",\"target\":{\"@type\":\"EntryPoint\",\"urlTemplate\":\"https:\\\/\\\/groupe-sterne.com\\\/fr\\\/?s={search_term_string}\"},\"query-input\":{\"@type\":\"PropertyValueSpecification\",\"valueRequired\":true,\"valueName\":\"search_term_string\"}}],\"inLanguage\":\"fr-FR\"},{\"@type\":\"Organization\",\"@id\":\"https:\\\/\\\/groupe-sterne.com\\\/fr\\\/#organization\",\"name\":\"Groupe STERNE\",\"url\":\"https:\\\/\\\/groupe-sterne.com\\\/fr\\\/\",\"logo\":{\"@type\":\"ImageObject\",\"inLanguage\":\"fr-FR\",\"@id\":\"https:\\\/\\\/groupe-sterne.com\\\/fr\\\/#\\\/schema\\\/logo\\\/image\\\/\",\"url\":\"https:\\\/\\\/groupe-sterne.com\\\/wp-content\\\/uploads\\\/2022\\\/02\\\/logo_sterne.png\",\"contentUrl\":\"https:\\\/\\\/groupe-sterne.com\\\/wp-content\\\/uploads\\\/2022\\\/02\\\/logo_sterne.png\",\"width\":442,\"height\":116,\"caption\":\"Groupe STERNE\"},\"image\":{\"@id\":\"https:\\\/\\\/groupe-sterne.com\\\/fr\\\/#\\\/schema\\\/logo\\\/image\\\/\"}},{\"@type\":\"Person\",\"@id\":\"https:\\\/\\\/groupe-sterne.com\\\/fr\\\/#\\\/schema\\\/person\\\/491edd3c391344e5e86d0c242ff7c198\",\"name\":\"Virginie Longobardi\",\"url\":\"https:\\\/\\\/www.groupe-sterne.com\\\/fr\\\/author\\\/vlongobardigroupe-sterne-com\\\/\"}]}<\/script>\n<!-- \/ Yoast SEO Premium plugin. -->","yoast_head_json":{"title":"SBTi valide nos objectifs de r\u00e9duction de GES &#8226; Groupe STERNE","robots":{"index":"index","follow":"follow","max-snippet":"max-snippet:-1","max-image-preview":"max-image-preview:large","max-video-preview":"max-video-preview:-1"},"canonical":"https:\/\/www.groupe-sterne.com\/fr\/sbti-valide-nos-objectifs-de-reduction-de-ges\/","og_locale":"fr_FR","og_type":"article","og_title":"SBTi valide nos objectifs de r\u00e9duction de GES","og_description":"La SBTi a valid\u00e9 officiellement nos objectifs de r\u00e9duction des \u00e9missions de GES \u00e0 court terme, consid\u00e9r\u00e9s comme align\u00e9s aux Accords de Paris et la trajectoire 1,5\u00b0C.","og_url":"https:\/\/www.groupe-sterne.com\/fr\/sbti-valide-nos-objectifs-de-reduction-de-ges\/","og_site_name":"Groupe STERNE","article_published_time":"2023-11-24T08:26:34+00:00","article_modified_time":"2024-02-06T15:42:38+00:00","og_image":[{"width":956,"height":588,"url":"https:\/\/www.groupe-sterne.com\/wp-content\/uploads\/2023\/11\/Capture-decran-2023-11-24-100956-1.png","type":"image\/png"}],"author":"Virginie Longobardi","twitter_card":"summary_large_image","twitter_misc":{"\u00c9crit par":"Virginie Longobardi","Dur\u00e9e de lecture estim\u00e9e":"3 minutes"},"schema":{"@context":"https:\/\/schema.org","@graph":[{"@type":"Article","@id":"https:\/\/www.groupe-sterne.com\/fr\/sbti-valide-nos-objectifs-de-reduction-de-ges\/#article","isPartOf":{"@id":"https:\/\/www.groupe-sterne.com\/fr\/sbti-valide-nos-objectifs-de-reduction-de-ges\/"},"author":{"name":"Virginie Longobardi","@id":"https:\/\/groupe-sterne.com\/fr\/#\/schema\/person\/491edd3c391344e5e86d0c242ff7c198"},"headline":"SBTi valide nos objectifs de r\u00e9duction de GES","datePublished":"2023-11-24T08:26:34+00:00","dateModified":"2024-02-06T15:42:38+00:00","mainEntityOfPage":{"@id":"https:\/\/www.groupe-sterne.com\/fr\/sbti-valide-nos-objectifs-de-reduction-de-ges\/"},"wordCount":405,"publisher":{"@id":"https:\/\/groupe-sterne.com\/fr\/#organization"},"image":{"@id":"https:\/\/www.groupe-sterne.com\/fr\/sbti-valide-nos-objectifs-de-reduction-de-ges\/#primaryimage"},"thumbnailUrl":"https:\/\/www.groupe-sterne.com\/wp-content\/uploads\/2023\/11\/Capture-decran-2023-11-24-100956-1.png","keywords":["engagement","logistique","netzerocompens\u00e9","objectif","rse","scope","transport"],"articleSection":["blog"],"inLanguage":"fr-FR"},{"@type":"WebPage","@id":"https:\/\/www.groupe-sterne.com\/fr\/sbti-valide-nos-objectifs-de-reduction-de-ges\/","url":"https:\/\/www.groupe-sterne.com\/fr\/sbti-valide-nos-objectifs-de-reduction-de-ges\/","name":"SBTi valide nos objectifs de r\u00e9duction de GES &#8226; Groupe STERNE","isPartOf":{"@id":"https:\/\/groupe-sterne.com\/fr\/#website"},"primaryImageOfPage":{"@id":"https:\/\/www.groupe-sterne.com\/fr\/sbti-valide-nos-objectifs-de-reduction-de-ges\/#primaryimage"},"image":{"@id":"https:\/\/www.groupe-sterne.com\/fr\/sbti-valide-nos-objectifs-de-reduction-de-ges\/#primaryimage"},"thumbnailUrl":"https:\/\/www.groupe-sterne.com\/wp-content\/uploads\/2023\/11\/Capture-decran-2023-11-24-100956-1.png","datePublished":"2023-11-24T08:26:34+00:00","dateModified":"2024-02-06T15:42:38+00:00","breadcrumb":{"@id":"https:\/\/www.groupe-sterne.com\/fr\/sbti-valide-nos-objectifs-de-reduction-de-ges\/#breadcrumb"},"inLanguage":"fr-FR","potentialAction":[{"@type":"ReadAction","target":["https:\/\/www.groupe-sterne.com\/fr\/sbti-valide-nos-objectifs-de-reduction-de-ges\/"]}]},{"@type":"ImageObject","inLanguage":"fr-FR","@id":"https:\/\/www.groupe-sterne.com\/fr\/sbti-valide-nos-objectifs-de-reduction-de-ges\/#primaryimage","url":"https:\/\/www.groupe-sterne.com\/wp-content\/uploads\/2023\/11\/Capture-decran-2023-11-24-100956-1.png","contentUrl":"https:\/\/www.groupe-sterne.com\/wp-content\/uploads\/2023\/11\/Capture-decran-2023-11-24-100956-1.png","width":956,"height":588,"caption":"sbti x sterne group"},{"@type":"BreadcrumbList","@id":"https:\/\/www.groupe-sterne.com\/fr\/sbti-valide-nos-objectifs-de-reduction-de-ges\/#breadcrumb","itemListElement":[{"@type":"ListItem","position":1,"name":"Accueil","item":"https:\/\/www.groupe-sterne.com\/fr\/"},{"@type":"ListItem","position":2,"name":"SBTi valide nos objectifs de r\u00e9duction de GES"}]},{"@type":"WebSite","@id":"https:\/\/groupe-sterne.com\/fr\/#website","url":"https:\/\/groupe-sterne.com\/fr\/","name":"Groupe STERNE","description":"Votre sp\u00e9cialiste Premium Freight","publisher":{"@id":"https:\/\/groupe-sterne.com\/fr\/#organization"},"potentialAction":[{"@type":"SearchAction","target":{"@type":"EntryPoint","urlTemplate":"https:\/\/groupe-sterne.com\/fr\/?s={search_term_string}"},"query-input":{"@type":"PropertyValueSpecification","valueRequired":true,"valueName":"search_term_string"}}],"inLanguage":"fr-FR"},{"@type":"Organization","@id":"https:\/\/groupe-sterne.com\/fr\/#organization","name":"Groupe STERNE","url":"https:\/\/groupe-sterne.com\/fr\/","logo":{"@type":"ImageObject","inLanguage":"fr-FR","@id":"https:\/\/groupe-sterne.com\/fr\/#\/schema\/logo\/image\/","url":"https:\/\/groupe-sterne.com\/wp-content\/uploads\/2022\/02\/logo_sterne.png","contentUrl":"https:\/\/groupe-sterne.com\/wp-content\/uploads\/2022\/02\/logo_sterne.png","width":442,"height":116,"caption":"Groupe STERNE"},"image":{"@id":"https:\/\/groupe-sterne.com\/fr\/#\/schema\/logo\/image\/"}},{"@type":"Person","@id":"https:\/\/groupe-sterne.com\/fr\/#\/schema\/person\/491edd3c391344e5e86d0c242ff7c198","name":"Virginie Longobardi","url":"https:\/\/www.groupe-sterne.com\/fr\/author\/vlongobardigroupe-sterne-com\/"}]}},"_links":{"self":[{"href":"https:\/\/www.groupe-sterne.com\/fr\/wp-json\/wp\/v2\/posts\/14305","targetHints":{"allow":["GET"]}}],"collection":[{"href":"https:\/\/www.groupe-sterne.com\/fr\/wp-json\/wp\/v2\/posts"}],"about":[{"href":"https:\/\/www.groupe-sterne.com\/fr\/wp-json\/wp\/v2\/types\/post"}],"author":[{"embeddable":true,"href":"https:\/\/www.groupe-sterne.com\/fr\/wp-json\/wp\/v2\/users\/4"}],"replies":[{"embeddable":true,"href":"https:\/\/www.groupe-sterne.com\/fr\/wp-json\/wp\/v2\/comments?post=14305"}],"version-history":[{"count":10,"href":"https:\/\/www.groupe-sterne.com\/fr\/wp-json\/wp\/v2\/posts\/14305\/revisions"}],"predecessor-version":[{"id":14944,"href":"https:\/\/www.groupe-sterne.com\/fr\/wp-json\/wp\/v2\/posts\/14305\/revisions\/14944"}],"wp:featuredmedia":[{"embeddable":true,"href":"https:\/\/www.groupe-sterne.com\/fr\/wp-json\/wp\/v2\/media\/14336"}],"wp:attachment":[{"href":"https:\/\/www.groupe-sterne.com\/fr\/wp-json\/wp\/v2\/media?parent=14305"}],"wp:term":[{"taxonomy":"category","embeddable":true,"href":"https:\/\/www.groupe-sterne.com\/fr\/wp-json\/wp\/v2\/categories?post=14305"},{"taxonomy":"post_tag","embeddable":true,"href":"https:\/\/www.groupe-sterne.com\/fr\/wp-json\/wp\/v2\/tags?post=14305"}],"curies":[{"name":"wp","href":"https:\/\/api.w.org\/{rel}","templated":true}]}}